{"id":2341,"date":"2020-08-03T12:00:21","date_gmt":"2020-08-03T10:00:21","guid":{"rendered":"http:\/\/micrombaproject.com\/?p=2341"},"modified":"2025-05-08T13:32:37","modified_gmt":"2025-05-08T11:32:37","slug":"pour-etre-entrepreneur-il-faut-etre-determine-forme-et-aide","status":"publish","type":"post","link":"https:\/\/aceleramba.com\/fr\/pour-etre-entrepreneur-il-faut-etre-determine-forme-et-aide\/","title":{"rendered":"Pour \u00eatre entrepreneur, il faut \u00eatre d\u00e9termin\u00e9, form\u00e9 et aid\u00e9"},"content":{"rendered":"<h2>Marlon, entrepreneur \u00e0 Medellin (Colombie), nous raconte son exp\u00e9rience et comment le microMBA l\u2019a transform\u00e9 ainsi que son entreprise.<\/h2>\n<p>\u00ab Au d\u00e9part, j\u2019ai cr\u00e9\u00e9 mon entreprise par n\u00e9cessit\u00e9 \u00e9conomique. CRJ Moda a commenc\u00e9 avec 2 machines \u00e0 coudre emprunt\u00e9es et 2 employ\u00e9s. Aujourd\u2019hui mon entreprise compte 44 employ\u00e9s, tous affili\u00e9s \u00e0 la s\u00e9curit\u00e9 sociale.<\/p>\n<p>En 2016, on m\u2019a parl\u00e9 du programme microMBA. Cette m\u00e9thode a \u00e9t\u00e9 le levier qui a permis \u00e0 mon entreprise de devenir ce qu\u2019elle est aujourd\u2019hui. La formalisation de l\u2019entreprise (sortie de l\u2019\u00e9conomie informelle), les emprunts qu\u2019on a pu r\u00e9aliser et surtout la formation que j\u2019ai re\u00e7ue chez Interactuar ont provoqu\u00e9 la transformation de mon entreprise, avec une croissance de presque 200% par an qui m\u2019a permis de cr\u00e9er de nombreux emplois et investir dans des \u00e9quipements industriels.<\/p>\n<p>Selon moi, la transformation la plus importante a \u00e9t\u00e9 la formalisation du personnel : la qualit\u00e9 de vie atteinte actuellement par nos employ\u00e9s, ma propre qualit\u00e9 de vie en tant que g\u00e9rant et celle de ma famille. En tant qu\u2019entrepreneur, on croit qu\u2019en travaillant beaucoup, l\u2019entreprise va grandir. A travers mon exp\u00e9rience, j\u2019ai compris que la bonne gestion de mon entreprise \u00e9tait beaucoup plus rentable que de travailler avec mes propres mains. \u00bb<\/p>\n<p><span style=\"font-weight: 400;\">Marlon Baena,<\/span><\/p>\n<p><span style=\"font-weight: 400;\">Entrepreneur \u00e0 Medell\u00edn \u2013 microMBA Interactuar<\/span><\/p>\n<p><iframe src=\"https:\/\/www.youtube.com\/embed\/z8lh06gQmTY?cc_load_policy=1&amp;hl=fr&amp;cc_lang_pref=fr\" width=\"100%\" height=\"410\" frameborder=\"0\" allowfullscreen=\"allowfullscreen\" data-mce-fragment=\"1\"><\/iframe><\/p>\n","protected":false},"excerpt":{"rendered":"<p>Marlon, entrepreneur \u00e0 Medellin (Colombie), nous raconte son exp\u00e9rience et comment le microMBA l\u2019a transform\u00e9 ainsi que son entreprise. \u00ab Au d\u00e9part, j\u2019ai cr\u00e9\u00e9 mon entreprise par n\u00e9cessit\u00e9 \u00e9conomique. CRJ Moda a commenc\u00e9 avec 2 machines \u00e0 coudre emprunt\u00e9es et 2 employ\u00e9s. Aujourd\u2019hui mon entreprise compte 44 employ\u00e9s, tous affili\u00e9s \u00e0 la s\u00e9curit\u00e9 sociale. En [&hellip;]<\/p>\n","protected":false},"author":1,"featured_media":3022,"comment_status":"closed","ping_status":"closed","sticky":false,"template":"","format":"standard","meta":{"_acf_changed":false,"footnotes":""},"categories":[22],"tags":[],"class_list":["post-2341","post","type-post","status-publish","format-standard","has-post-thumbnail","hentry","category-histoires-de-succes"],"acf":[],"yoast_head":"<!-- This site is optimized with the Yoast SEO plugin v27.3 - https:\/\/yoast.com\/product\/yoast-seo-wordpress\/ -->\n<title>Pour \u00eatre entrepreneur, il faut \u00eatre d\u00e9termin\u00e9, form\u00e9 et aid\u00e9 - MBA Acelera<\/title>\n<meta name=\"robots\" content=\"index, follow, max-snippet:-1, max-image-preview:large, max-video-preview:-1\" \/>\n<link rel=\"canonical\" href=\"https:\/\/aceleramba.com\/fr\/pour-etre-entrepreneur-il-faut-etre-determine-forme-et-aide\/\" \/>\n<meta property=\"og:locale\" content=\"fr_FR\" \/>\n<meta property=\"og:type\" content=\"article\" \/>\n<meta property=\"og:title\" content=\"Pour \u00eatre entrepreneur, il faut \u00eatre d\u00e9termin\u00e9, form\u00e9 et aid\u00e9 - MBA Acelera\" \/>\n<meta property=\"og:description\" content=\"Marlon, entrepreneur \u00e0 Medellin (Colombie), nous raconte son exp\u00e9rience et comment le microMBA l\u2019a transform\u00e9 ainsi que son entreprise. \u00ab Au d\u00e9part, j\u2019ai cr\u00e9\u00e9 mon entreprise par n\u00e9cessit\u00e9 \u00e9conomique. CRJ Moda a commenc\u00e9 avec 2 machines \u00e0 coudre emprunt\u00e9es et 2 employ\u00e9s. Aujourd\u2019hui mon entreprise compte 44 employ\u00e9s, tous affili\u00e9s \u00e0 la s\u00e9curit\u00e9 sociale. En [&hellip;]\" \/>\n<meta property=\"og:url\" content=\"https:\/\/aceleramba.com\/fr\/pour-etre-entrepreneur-il-faut-etre-determine-forme-et-aide\/\" \/>\n<meta property=\"og:site_name\" content=\"MBA Acelera\" \/>\n<meta property=\"article:published_time\" content=\"2020-08-03T10:00:21+00:00\" \/>\n<meta property=\"article:modified_time\" content=\"2025-05-08T11:32:37+00:00\" \/>\n<meta property=\"og:image\" content=\"https:\/\/aceleramba.com\/wp-content\/uploads\/2020\/07\/actec-news-marlon-baena.jpg\" \/>\n\t<meta property=\"og:image:width\" content=\"1440\" \/>\n\t<meta property=\"og:image:height\" content=\"925\" \/>\n\t<meta property=\"og:image:type\" content=\"image\/jpeg\" \/>\n<meta name=\"author\" content=\"MBA-Calmo\" \/>\n<meta name=\"twitter:card\" content=\"summary_large_image\" \/>\n<meta name=\"twitter:label1\" content=\"\u00c9crit par\" \/>\n\t<meta name=\"twitter:data1\" content=\"MBA-Calmo\" \/>\n\t<meta name=\"twitter:label2\" content=\"Dur\u00e9e de lecture estim\u00e9e\" \/>\n\t<meta name=\"twitter:data2\" content=\"2 minutes\" \/>\n<script type=\"application\/ld+json\" class=\"yoast-schema-graph\">{\"@context\":\"https:\\\/\\\/schema.org\",\"@graph\":[{\"@type\":\"Article\",\"@id\":\"https:\\\/\\\/aceleramba.com\\\/fr\\\/pour-etre-entrepreneur-il-faut-etre-determine-forme-et-aide\\\/#article\",\"isPartOf\":{\"@id\":\"https:\\\/\\\/aceleramba.com\\\/fr\\\/pour-etre-entrepreneur-il-faut-etre-determine-forme-et-aide\\\/\"},\"author\":{\"name\":\"MBA-Calmo\",\"@id\":\"https:\\\/\\\/aceleramba.com\\\/fr\\\/#\\\/schema\\\/person\\\/ba68e0535553c0860c81b05303d7a558\"},\"headline\":\"Pour \u00eatre entrepreneur, il faut \u00eatre d\u00e9termin\u00e9, form\u00e9 et aid\u00e9\",\"datePublished\":\"2020-08-03T10:00:21+00:00\",\"dateModified\":\"2025-05-08T11:32:37+00:00\",\"mainEntityOfPage\":{\"@id\":\"https:\\\/\\\/aceleramba.com\\\/fr\\\/pour-etre-entrepreneur-il-faut-etre-determine-forme-et-aide\\\/\"},\"wordCount\":241,\"publisher\":{\"@id\":\"https:\\\/\\\/aceleramba.com\\\/fr\\\/#organization\"},\"image\":{\"@id\":\"https:\\\/\\\/aceleramba.com\\\/fr\\\/pour-etre-entrepreneur-il-faut-etre-determine-forme-et-aide\\\/#primaryimage\"},\"thumbnailUrl\":\"https:\\\/\\\/aceleramba.com\\\/wp-content\\\/uploads\\\/2020\\\/07\\\/actec-news-marlon-baena.jpg\",\"articleSection\":[\"Histoires de succ\u00e8s\"],\"inLanguage\":\"fr-FR\"},{\"@type\":\"WebPage\",\"@id\":\"https:\\\/\\\/aceleramba.com\\\/fr\\\/pour-etre-entrepreneur-il-faut-etre-determine-forme-et-aide\\\/\",\"url\":\"https:\\\/\\\/aceleramba.com\\\/fr\\\/pour-etre-entrepreneur-il-faut-etre-determine-forme-et-aide\\\/\",\"name\":\"Pour \u00eatre entrepreneur, il faut \u00eatre d\u00e9termin\u00e9, form\u00e9 et aid\u00e9 - MBA Acelera\",\"isPartOf\":{\"@id\":\"https:\\\/\\\/aceleramba.com\\\/fr\\\/#website\"},\"primaryImageOfPage\":{\"@id\":\"https:\\\/\\\/aceleramba.com\\\/fr\\\/pour-etre-entrepreneur-il-faut-etre-determine-forme-et-aide\\\/#primaryimage\"},\"image\":{\"@id\":\"https:\\\/\\\/aceleramba.com\\\/fr\\\/pour-etre-entrepreneur-il-faut-etre-determine-forme-et-aide\\\/#primaryimage\"},\"thumbnailUrl\":\"https:\\\/\\\/aceleramba.com\\\/wp-content\\\/uploads\\\/2020\\\/07\\\/actec-news-marlon-baena.jpg\",\"datePublished\":\"2020-08-03T10:00:21+00:00\",\"dateModified\":\"2025-05-08T11:32:37+00:00\",\"breadcrumb\":{\"@id\":\"https:\\\/\\\/aceleramba.com\\\/fr\\\/pour-etre-entrepreneur-il-faut-etre-determine-forme-et-aide\\\/#breadcrumb\"},\"inLanguage\":\"fr-FR\",\"potentialAction\":[{\"@type\":\"ReadAction\",\"target\":[\"https:\\\/\\\/aceleramba.com\\\/fr\\\/pour-etre-entrepreneur-il-faut-etre-determine-forme-et-aide\\\/\"]}]},{\"@type\":\"ImageObject\",\"inLanguage\":\"fr-FR\",\"@id\":\"https:\\\/\\\/aceleramba.com\\\/fr\\\/pour-etre-entrepreneur-il-faut-etre-determine-forme-et-aide\\\/#primaryimage\",\"url\":\"https:\\\/\\\/aceleramba.com\\\/wp-content\\\/uploads\\\/2020\\\/07\\\/actec-news-marlon-baena.jpg\",\"contentUrl\":\"https:\\\/\\\/aceleramba.com\\\/wp-content\\\/uploads\\\/2020\\\/07\\\/actec-news-marlon-baena.jpg\",\"width\":1440,\"height\":925},{\"@type\":\"BreadcrumbList\",\"@id\":\"https:\\\/\\\/aceleramba.com\\\/fr\\\/pour-etre-entrepreneur-il-faut-etre-determine-forme-et-aide\\\/#breadcrumb\",\"itemListElement\":[{\"@type\":\"ListItem\",\"position\":1,\"name\":\"Portada\",\"item\":\"https:\\\/\\\/aceleramba.com\\\/fr\\\/\"},{\"@type\":\"ListItem\",\"position\":2,\"name\":\"Pour \u00eatre entrepreneur, il faut \u00eatre d\u00e9termin\u00e9, form\u00e9 et aid\u00e9\"}]},{\"@type\":\"WebSite\",\"@id\":\"https:\\\/\\\/aceleramba.com\\\/fr\\\/#website\",\"url\":\"https:\\\/\\\/aceleramba.com\\\/fr\\\/\",\"name\":\"MBA Acelera\",\"description\":\"\",\"publisher\":{\"@id\":\"https:\\\/\\\/aceleramba.com\\\/fr\\\/#organization\"},\"potentialAction\":[{\"@type\":\"SearchAction\",\"target\":{\"@type\":\"EntryPoint\",\"urlTemplate\":\"https:\\\/\\\/aceleramba.com\\\/fr\\\/?s={search_term_string}\"},\"query-input\":{\"@type\":\"PropertyValueSpecification\",\"valueRequired\":true,\"valueName\":\"search_term_string\"}}],\"inLanguage\":\"fr-FR\"},{\"@type\":\"Organization\",\"@id\":\"https:\\\/\\\/aceleramba.com\\\/fr\\\/#organization\",\"name\":\"MBA Acelera\",\"url\":\"https:\\\/\\\/aceleramba.com\\\/fr\\\/\",\"logo\":{\"@type\":\"ImageObject\",\"inLanguage\":\"fr-FR\",\"@id\":\"https:\\\/\\\/aceleramba.com\\\/fr\\\/#\\\/schema\\\/logo\\\/image\\\/\",\"url\":\"https:\\\/\\\/aceleramba.com\\\/wp-content\\\/uploads\\\/2025\\\/04\\\/MBA-Acelera-Logo.svg\",\"contentUrl\":\"https:\\\/\\\/aceleramba.com\\\/wp-content\\\/uploads\\\/2025\\\/04\\\/MBA-Acelera-Logo.svg\",\"width\":135,\"height\":46,\"caption\":\"MBA Acelera\"},\"image\":{\"@id\":\"https:\\\/\\\/aceleramba.com\\\/fr\\\/#\\\/schema\\\/logo\\\/image\\\/\"}},{\"@type\":\"Person\",\"@id\":\"https:\\\/\\\/aceleramba.com\\\/fr\\\/#\\\/schema\\\/person\\\/ba68e0535553c0860c81b05303d7a558\",\"name\":\"MBA-Calmo\",\"image\":{\"@type\":\"ImageObject\",\"inLanguage\":\"fr-FR\",\"@id\":\"https:\\\/\\\/secure.gravatar.com\\\/avatar\\\/64373769b4f5f863fa6c58046649b6a7dc25d69de1f7d1500b782658cb81aeaa?s=96&d=mm&r=g\",\"url\":\"https:\\\/\\\/secure.gravatar.com\\\/avatar\\\/64373769b4f5f863fa6c58046649b6a7dc25d69de1f7d1500b782658cb81aeaa?s=96&d=mm&r=g\",\"contentUrl\":\"https:\\\/\\\/secure.gravatar.com\\\/avatar\\\/64373769b4f5f863fa6c58046649b6a7dc25d69de1f7d1500b782658cb81aeaa?s=96&d=mm&r=g\",\"caption\":\"MBA-Calmo\"},\"sameAs\":[\"https:\\\/\\\/aceleramba.com\"],\"url\":\"https:\\\/\\\/aceleramba.com\\\/fr\\\/author\\\/mba-calmo\\\/\"}]}<\/script>\n<!-- \/ Yoast SEO plugin. -->","yoast_head_json":{"title":"Pour \u00eatre entrepreneur, il faut \u00eatre d\u00e9termin\u00e9, form\u00e9 et aid\u00e9 - MBA Acelera","robots":{"index":"index","follow":"follow","max-snippet":"max-snippet:-1","max-image-preview":"max-image-preview:large","max-video-preview":"max-video-preview:-1"},"canonical":"https:\/\/aceleramba.com\/fr\/pour-etre-entrepreneur-il-faut-etre-determine-forme-et-aide\/","og_locale":"fr_FR","og_type":"article","og_title":"Pour \u00eatre entrepreneur, il faut \u00eatre d\u00e9termin\u00e9, form\u00e9 et aid\u00e9 - MBA Acelera","og_description":"Marlon, entrepreneur \u00e0 Medellin (Colombie), nous raconte son exp\u00e9rience et comment le microMBA l\u2019a transform\u00e9 ainsi que son entreprise. \u00ab Au d\u00e9part, j\u2019ai cr\u00e9\u00e9 mon entreprise par n\u00e9cessit\u00e9 \u00e9conomique. CRJ Moda a commenc\u00e9 avec 2 machines \u00e0 coudre emprunt\u00e9es et 2 employ\u00e9s. Aujourd\u2019hui mon entreprise compte 44 employ\u00e9s, tous affili\u00e9s \u00e0 la s\u00e9curit\u00e9 sociale. En [&hellip;]","og_url":"https:\/\/aceleramba.com\/fr\/pour-etre-entrepreneur-il-faut-etre-determine-forme-et-aide\/","og_site_name":"MBA Acelera","article_published_time":"2020-08-03T10:00:21+00:00","article_modified_time":"2025-05-08T11:32:37+00:00","og_image":[{"width":1440,"height":925,"url":"https:\/\/aceleramba.com\/wp-content\/uploads\/2020\/07\/actec-news-marlon-baena.jpg","type":"image\/jpeg"}],"author":"MBA-Calmo","twitter_card":"summary_large_image","twitter_misc":{"\u00c9crit par":"MBA-Calmo","Dur\u00e9e de lecture estim\u00e9e":"2 minutes"},"schema":{"@context":"https:\/\/schema.org","@graph":[{"@type":"Article","@id":"https:\/\/aceleramba.com\/fr\/pour-etre-entrepreneur-il-faut-etre-determine-forme-et-aide\/#article","isPartOf":{"@id":"https:\/\/aceleramba.com\/fr\/pour-etre-entrepreneur-il-faut-etre-determine-forme-et-aide\/"},"author":{"name":"MBA-Calmo","@id":"https:\/\/aceleramba.com\/fr\/#\/schema\/person\/ba68e0535553c0860c81b05303d7a558"},"headline":"Pour \u00eatre entrepreneur, il faut \u00eatre d\u00e9termin\u00e9, form\u00e9 et aid\u00e9","datePublished":"2020-08-03T10:00:21+00:00","dateModified":"2025-05-08T11:32:37+00:00","mainEntityOfPage":{"@id":"https:\/\/aceleramba.com\/fr\/pour-etre-entrepreneur-il-faut-etre-determine-forme-et-aide\/"},"wordCount":241,"publisher":{"@id":"https:\/\/aceleramba.com\/fr\/#organization"},"image":{"@id":"https:\/\/aceleramba.com\/fr\/pour-etre-entrepreneur-il-faut-etre-determine-forme-et-aide\/#primaryimage"},"thumbnailUrl":"https:\/\/aceleramba.com\/wp-content\/uploads\/2020\/07\/actec-news-marlon-baena.jpg","articleSection":["Histoires de succ\u00e8s"],"inLanguage":"fr-FR"},{"@type":"WebPage","@id":"https:\/\/aceleramba.com\/fr\/pour-etre-entrepreneur-il-faut-etre-determine-forme-et-aide\/","url":"https:\/\/aceleramba.com\/fr\/pour-etre-entrepreneur-il-faut-etre-determine-forme-et-aide\/","name":"Pour \u00eatre entrepreneur, il faut \u00eatre d\u00e9termin\u00e9, form\u00e9 et aid\u00e9 - MBA Acelera","isPartOf":{"@id":"https:\/\/aceleramba.com\/fr\/#website"},"primaryImageOfPage":{"@id":"https:\/\/aceleramba.com\/fr\/pour-etre-entrepreneur-il-faut-etre-determine-forme-et-aide\/#primaryimage"},"image":{"@id":"https:\/\/aceleramba.com\/fr\/pour-etre-entrepreneur-il-faut-etre-determine-forme-et-aide\/#primaryimage"},"thumbnailUrl":"https:\/\/aceleramba.com\/wp-content\/uploads\/2020\/07\/actec-news-marlon-baena.jpg","datePublished":"2020-08-03T10:00:21+00:00","dateModified":"2025-05-08T11:32:37+00:00","breadcrumb":{"@id":"https:\/\/aceleramba.com\/fr\/pour-etre-entrepreneur-il-faut-etre-determine-forme-et-aide\/#breadcrumb"},"inLanguage":"fr-FR","potentialAction":[{"@type":"ReadAction","target":["https:\/\/aceleramba.com\/fr\/pour-etre-entrepreneur-il-faut-etre-determine-forme-et-aide\/"]}]},{"@type":"ImageObject","inLanguage":"fr-FR","@id":"https:\/\/aceleramba.com\/fr\/pour-etre-entrepreneur-il-faut-etre-determine-forme-et-aide\/#primaryimage","url":"https:\/\/aceleramba.com\/wp-content\/uploads\/2020\/07\/actec-news-marlon-baena.jpg","contentUrl":"https:\/\/aceleramba.com\/wp-content\/uploads\/2020\/07\/actec-news-marlon-baena.jpg","width":1440,"height":925},{"@type":"BreadcrumbList","@id":"https:\/\/aceleramba.com\/fr\/pour-etre-entrepreneur-il-faut-etre-determine-forme-et-aide\/#breadcrumb","itemListElement":[{"@type":"ListItem","position":1,"name":"Portada","item":"https:\/\/aceleramba.com\/fr\/"},{"@type":"ListItem","position":2,"name":"Pour \u00eatre entrepreneur, il faut \u00eatre d\u00e9termin\u00e9, form\u00e9 et aid\u00e9"}]},{"@type":"WebSite","@id":"https:\/\/aceleramba.com\/fr\/#website","url":"https:\/\/aceleramba.com\/fr\/","name":"MBA Acelera","description":"","publisher":{"@id":"https:\/\/aceleramba.com\/fr\/#organization"},"potentialAction":[{"@type":"SearchAction","target":{"@type":"EntryPoint","urlTemplate":"https:\/\/aceleramba.com\/fr\/?s={search_term_string}"},"query-input":{"@type":"PropertyValueSpecification","valueRequired":true,"valueName":"search_term_string"}}],"inLanguage":"fr-FR"},{"@type":"Organization","@id":"https:\/\/aceleramba.com\/fr\/#organization","name":"MBA Acelera","url":"https:\/\/aceleramba.com\/fr\/","logo":{"@type":"ImageObject","inLanguage":"fr-FR","@id":"https:\/\/aceleramba.com\/fr\/#\/schema\/logo\/image\/","url":"https:\/\/aceleramba.com\/wp-content\/uploads\/2025\/04\/MBA-Acelera-Logo.svg","contentUrl":"https:\/\/aceleramba.com\/wp-content\/uploads\/2025\/04\/MBA-Acelera-Logo.svg","width":135,"height":46,"caption":"MBA Acelera"},"image":{"@id":"https:\/\/aceleramba.com\/fr\/#\/schema\/logo\/image\/"}},{"@type":"Person","@id":"https:\/\/aceleramba.com\/fr\/#\/schema\/person\/ba68e0535553c0860c81b05303d7a558","name":"MBA-Calmo","image":{"@type":"ImageObject","inLanguage":"fr-FR","@id":"https:\/\/secure.gravatar.com\/avatar\/64373769b4f5f863fa6c58046649b6a7dc25d69de1f7d1500b782658cb81aeaa?s=96&d=mm&r=g","url":"https:\/\/secure.gravatar.com\/avatar\/64373769b4f5f863fa6c58046649b6a7dc25d69de1f7d1500b782658cb81aeaa?s=96&d=mm&r=g","contentUrl":"https:\/\/secure.gravatar.com\/avatar\/64373769b4f5f863fa6c58046649b6a7dc25d69de1f7d1500b782658cb81aeaa?s=96&d=mm&r=g","caption":"MBA-Calmo"},"sameAs":["https:\/\/aceleramba.com"],"url":"https:\/\/aceleramba.com\/fr\/author\/mba-calmo\/"}]}},"_links":{"self":[{"href":"https:\/\/aceleramba.com\/fr\/wp-json\/wp\/v2\/posts\/2341","targetHints":{"allow":["GET"]}}],"collection":[{"href":"https:\/\/aceleramba.com\/fr\/wp-json\/wp\/v2\/posts"}],"about":[{"href":"https:\/\/aceleramba.com\/fr\/wp-json\/wp\/v2\/types\/post"}],"author":[{"embeddable":true,"href":"https:\/\/aceleramba.com\/fr\/wp-json\/wp\/v2\/users\/1"}],"replies":[{"embeddable":true,"href":"https:\/\/aceleramba.com\/fr\/wp-json\/wp\/v2\/comments?post=2341"}],"version-history":[{"count":5,"href":"https:\/\/aceleramba.com\/fr\/wp-json\/wp\/v2\/posts\/2341\/revisions"}],"predecessor-version":[{"id":2952,"href":"https:\/\/aceleramba.com\/fr\/wp-json\/wp\/v2\/posts\/2341\/revisions\/2952"}],"wp:featuredmedia":[{"embeddable":true,"href":"https:\/\/aceleramba.com\/fr\/wp-json\/wp\/v2\/media\/3022"}],"wp:attachment":[{"href":"https:\/\/aceleramba.com\/fr\/wp-json\/wp\/v2\/media?parent=2341"}],"wp:term":[{"taxonomy":"category","embeddable":true,"href":"https:\/\/aceleramba.com\/fr\/wp-json\/wp\/v2\/categories?post=2341"},{"taxonomy":"post_tag","embeddable":true,"href":"https:\/\/aceleramba.com\/fr\/wp-json\/wp\/v2\/tags?post=2341"}],"curies":[{"name":"wp","href":"https:\/\/api.w.org\/{rel}","templated":true}]}}