{"id":2585,"date":"2022-09-06T13:37:57","date_gmt":"2022-09-06T11:37:57","guid":{"rendered":"http:\/\/micrombaproject.com\/?p=2585"},"modified":"2025-05-08T13:29:12","modified_gmt":"2025-05-08T11:29:12","slug":"produire-des-vitamines-pour-le-sol","status":"publish","type":"post","link":"https:\/\/aceleramba.com\/fr\/produire-des-vitamines-pour-le-sol\/","title":{"rendered":"Produire des vitamines pour le sol"},"content":{"rendered":"<h2>Rien ne se perd gr\u00e2ce \u00e0 l\u2019\u00e9conomie circulaire\u00a0!<\/h2>\n<h3>R\u00e9cup\u00e9rer les d\u00e9chets organiques des entreprises de la ville et les transformer en compost de haute qualit\u00e9 pour le secteur agricole colombien: tel est l\u2019ambition de l\u2019entreprise Ciclorg\u00e1nicos.<\/h3>\n<p>Il y a 3 ans, en 2019, Jaime, ing\u00e9nieur forestier, son \u00e9pouse Alejandra, et 2 autres collaborateurs rach\u00e8tent une entreprise de gestion des d\u00e9chets. A l\u2019\u00e9poque, l\u2019odeur du site \u00e9tait infecte, aujourd\u2019hui elle est supportable. La raison ? Le compost est 100% d\u2019origine min\u00e9rale et v\u00e9g\u00e9tale.<\/p>\n<p>Malgr\u00e9 ses dipl\u00f4mes universitaires et son exp\u00e9rience en tant que fonctionnaire public dans la certification environnementale, Jaime a d\u00e9cid\u00e9 de s\u2019inscrire au programme disruptif, microMBA-ACTEC propos\u00e9 \u00e0 Medell\u00edn par notre partenaire, la Corporation Interactuar, dans le but d\u2019acqu\u00e9rir la mentalit\u00e9 entrepreneuriale n\u00e9cessaire pour faire acc\u00e9l\u00e9rer son entreprise.<\/p>\n<p>Encourag\u00e9 par ses 3 associ\u00e9s, apr\u00e8s chaque s\u00e9ance pl\u00e9ni\u00e8re et session de coaching du programme, il leur partageait les apprentissages re\u00e7us et les impliquait dans les changements \u00e0 apporter dans la gestion de Cyclorg\u00e1nicos. R\u00e9sultat apr\u00e8s 3 ans : l\u2019entreprise emploie 14 personnes affili\u00e9es \u00e0 la s\u00e9curit\u00e9 sociale et r\u00e9ceptionne entre 8 et 12 tonnes de d\u00e9chets par jour. L\u2019objectif \u00e0 moyen terme est d\u2019implanter 3 autres sites dans la r\u00e9gion.<\/p>\n<p>Ciclorg\u00e1nicos est aujourd\u2019hui un exemple d\u2019entreprise qui promeut le travail d\u00e9cent en Colombie en veillant au bien-\u00eatre de ses employ\u00e9s. Elle organise, par exemple, une journ\u00e9e de la famille, le jour de leur anniversaire, elle offre un jour de cong\u00e9 aux employ\u00e9s, et elle pr\u00e9voit un bonus \u00e0 chacun pour No\u00ebl. Par ailleurs, soucieuse de l\u2019inclusion, elle participe, en collaboration avec la Croix Rouge, \u00e0 la r\u00e9insertion professionnelle de personnes victimes de d\u00e9placements internes.<\/p>\n<p>Jaime a \u00e9t\u00e9 r\u00e9cemment nomin\u00e9 parmi les candidats au Famiempresario 2022, \u00e9v\u00e9nement phare organis\u00e9 chaque ann\u00e9e par Interactuar pour c\u00e9l\u00e9brer l\u2019entrepreneuriat colombien.<\/p>\n<p><strong>Ciclorg\u00e1nicos<\/strong><\/p>\n<p><a href=\"https:\/\/www.ciclorganicos.com\/\" target=\"_blank\" rel=\"noopener\">https:\/\/www.ciclorganicos.com\/<\/a><br \/>\n<a href=\"https:\/\/www.linkedin.com\/company\/ciclorg%C3%A1nicos\/\" target=\"_blank\" rel=\"noopener\">https:\/\/www.linkedin.com\/company\/ciclorg%C3%A1nicos\/<\/a><br \/>\n<a href=\"https:\/\/www.facebook.com\/Ciclorganicos-113745767640937\/\" target=\"_blank\" rel=\"noopener\">https:\/\/www.facebook.com\/Ciclorganicos-113745767640937\/<\/a><\/p>\n<p><strong>microMBA-ACTEC<\/strong><\/p>\n<p><a href=\"http:\/\/micrombaproject.com\/\">http:\/\/micrombaproject.com\/<\/a><\/p>\n<p><strong>Corporation Interactuar<\/strong><\/p>\n<p><a href=\"https:\/\/interactuar.org.co\/portfolio\/metodo-base-de-aceleracion-mba-interactuar\/\" target=\"_blank\" rel=\"noopener\">https:\/\/interactuar.org.co\/portfolio\/metodo-base-de-aceleracion-mba-interactuar\/<\/a><\/p>\n<p style=\"text-align: center;\"><video style=\"display: flex; margin: auto;\" controls=\"controls\" width=\"360\" height=\"auto\"><source src=\"\/wp-content\/uploads\/2025\/05\/ACTEC-News-Ciclorganicos-MBA-Video.mp4\" type=\"video\/mp4\" \/>Tu navegador no permite la reproducci\u00f3n de v\u00eddeos.<\/video><\/p>\n","protected":false},"excerpt":{"rendered":"<p>Rien ne se perd gr\u00e2ce \u00e0 l\u2019\u00e9conomie circulaire\u00a0! R\u00e9cup\u00e9rer les d\u00e9chets organiques des entreprises de la ville et les transformer en compost de haute qualit\u00e9 pour le secteur agricole colombien: tel est l\u2019ambition de l\u2019entreprise Ciclorg\u00e1nicos. Il y a 3 ans, en 2019, Jaime, ing\u00e9nieur forestier, son \u00e9pouse Alejandra, et 2 autres collaborateurs rach\u00e8tent une [&hellip;]<\/p>\n","protected":false},"author":1,"featured_media":2568,"comment_status":"closed","ping_status":"closed","sticky":false,"template":"","format":"standard","meta":{"_acf_changed":false,"footnotes":""},"categories":[22],"tags":[],"class_list":["post-2585","post","type-post","status-publish","format-standard","has-post-thumbnail","hentry","category-histoires-de-succes"],"acf":[],"yoast_head":"<!-- This site is optimized with the Yoast SEO plugin v27.3 - https:\/\/yoast.com\/product\/yoast-seo-wordpress\/ -->\n<title>Produire des vitamines pour le sol - MBA Acelera<\/title>\n<meta name=\"robots\" content=\"index, follow, max-snippet:-1, max-image-preview:large, max-video-preview:-1\" \/>\n<link rel=\"canonical\" href=\"https:\/\/aceleramba.com\/fr\/produire-des-vitamines-pour-le-sol\/\" \/>\n<meta property=\"og:locale\" content=\"fr_FR\" \/>\n<meta property=\"og:type\" content=\"article\" \/>\n<meta property=\"og:title\" content=\"Produire des vitamines pour le sol - MBA Acelera\" \/>\n<meta property=\"og:description\" content=\"Rien ne se perd gr\u00e2ce \u00e0 l\u2019\u00e9conomie circulaire\u00a0! R\u00e9cup\u00e9rer les d\u00e9chets organiques des entreprises de la ville et les transformer en compost de haute qualit\u00e9 pour le secteur agricole colombien: tel est l\u2019ambition de l\u2019entreprise Ciclorg\u00e1nicos. Il y a 3 ans, en 2019, Jaime, ing\u00e9nieur forestier, son \u00e9pouse Alejandra, et 2 autres collaborateurs rach\u00e8tent une [&hellip;]\" \/>\n<meta property=\"og:url\" content=\"https:\/\/aceleramba.com\/fr\/produire-des-vitamines-pour-le-sol\/\" \/>\n<meta property=\"og:site_name\" content=\"MBA Acelera\" \/>\n<meta property=\"article:published_time\" content=\"2022-09-06T11:37:57+00:00\" \/>\n<meta property=\"article:modified_time\" content=\"2025-05-08T11:29:12+00:00\" \/>\n<meta property=\"og:image\" content=\"https:\/\/aceleramba.com\/wp-content\/uploads\/2022\/09\/actec-news-ciclorganicos-mba-3.jpg\" \/>\n\t<meta property=\"og:image:width\" content=\"1440\" \/>\n\t<meta property=\"og:image:height\" content=\"1080\" \/>\n\t<meta property=\"og:image:type\" content=\"image\/jpeg\" \/>\n<meta name=\"author\" content=\"MBA-Calmo\" \/>\n<meta name=\"twitter:card\" content=\"summary_large_image\" \/>\n<meta name=\"twitter:label1\" content=\"\u00c9crit par\" \/>\n\t<meta name=\"twitter:data1\" content=\"MBA-Calmo\" \/>\n\t<meta name=\"twitter:label2\" content=\"Dur\u00e9e de lecture estim\u00e9e\" \/>\n\t<meta name=\"twitter:data2\" content=\"2 minutes\" \/>\n<script type=\"application\/ld+json\" class=\"yoast-schema-graph\">{\"@context\":\"https:\\\/\\\/schema.org\",\"@graph\":[{\"@type\":\"Article\",\"@id\":\"https:\\\/\\\/aceleramba.com\\\/fr\\\/produire-des-vitamines-pour-le-sol\\\/#article\",\"isPartOf\":{\"@id\":\"https:\\\/\\\/aceleramba.com\\\/fr\\\/produire-des-vitamines-pour-le-sol\\\/\"},\"author\":{\"name\":\"MBA-Calmo\",\"@id\":\"https:\\\/\\\/aceleramba.com\\\/fr\\\/#\\\/schema\\\/person\\\/ba68e0535553c0860c81b05303d7a558\"},\"headline\":\"Produire des vitamines pour le sol\",\"datePublished\":\"2022-09-06T11:37:57+00:00\",\"dateModified\":\"2025-05-08T11:29:12+00:00\",\"mainEntityOfPage\":{\"@id\":\"https:\\\/\\\/aceleramba.com\\\/fr\\\/produire-des-vitamines-pour-le-sol\\\/\"},\"wordCount\":388,\"publisher\":{\"@id\":\"https:\\\/\\\/aceleramba.com\\\/fr\\\/#organization\"},\"image\":{\"@id\":\"https:\\\/\\\/aceleramba.com\\\/fr\\\/produire-des-vitamines-pour-le-sol\\\/#primaryimage\"},\"thumbnailUrl\":\"https:\\\/\\\/aceleramba.com\\\/wp-content\\\/uploads\\\/2022\\\/09\\\/actec-news-ciclorganicos-mba-3.jpg\",\"articleSection\":[\"Histoires de succ\u00e8s\"],\"inLanguage\":\"fr-FR\"},{\"@type\":\"WebPage\",\"@id\":\"https:\\\/\\\/aceleramba.com\\\/fr\\\/produire-des-vitamines-pour-le-sol\\\/\",\"url\":\"https:\\\/\\\/aceleramba.com\\\/fr\\\/produire-des-vitamines-pour-le-sol\\\/\",\"name\":\"Produire des vitamines pour le sol - MBA Acelera\",\"isPartOf\":{\"@id\":\"https:\\\/\\\/aceleramba.com\\\/fr\\\/#website\"},\"primaryImageOfPage\":{\"@id\":\"https:\\\/\\\/aceleramba.com\\\/fr\\\/produire-des-vitamines-pour-le-sol\\\/#primaryimage\"},\"image\":{\"@id\":\"https:\\\/\\\/aceleramba.com\\\/fr\\\/produire-des-vitamines-pour-le-sol\\\/#primaryimage\"},\"thumbnailUrl\":\"https:\\\/\\\/aceleramba.com\\\/wp-content\\\/uploads\\\/2022\\\/09\\\/actec-news-ciclorganicos-mba-3.jpg\",\"datePublished\":\"2022-09-06T11:37:57+00:00\",\"dateModified\":\"2025-05-08T11:29:12+00:00\",\"breadcrumb\":{\"@id\":\"https:\\\/\\\/aceleramba.com\\\/fr\\\/produire-des-vitamines-pour-le-sol\\\/#breadcrumb\"},\"inLanguage\":\"fr-FR\",\"potentialAction\":[{\"@type\":\"ReadAction\",\"target\":[\"https:\\\/\\\/aceleramba.com\\\/fr\\\/produire-des-vitamines-pour-le-sol\\\/\"]}]},{\"@type\":\"ImageObject\",\"inLanguage\":\"fr-FR\",\"@id\":\"https:\\\/\\\/aceleramba.com\\\/fr\\\/produire-des-vitamines-pour-le-sol\\\/#primaryimage\",\"url\":\"https:\\\/\\\/aceleramba.com\\\/wp-content\\\/uploads\\\/2022\\\/09\\\/actec-news-ciclorganicos-mba-3.jpg\",\"contentUrl\":\"https:\\\/\\\/aceleramba.com\\\/wp-content\\\/uploads\\\/2022\\\/09\\\/actec-news-ciclorganicos-mba-3.jpg\",\"width\":1440,\"height\":1080},{\"@type\":\"BreadcrumbList\",\"@id\":\"https:\\\/\\\/aceleramba.com\\\/fr\\\/produire-des-vitamines-pour-le-sol\\\/#breadcrumb\",\"itemListElement\":[{\"@type\":\"ListItem\",\"position\":1,\"name\":\"Portada\",\"item\":\"https:\\\/\\\/aceleramba.com\\\/fr\\\/\"},{\"@type\":\"ListItem\",\"position\":2,\"name\":\"Produire des vitamines pour le sol\"}]},{\"@type\":\"WebSite\",\"@id\":\"https:\\\/\\\/aceleramba.com\\\/fr\\\/#website\",\"url\":\"https:\\\/\\\/aceleramba.com\\\/fr\\\/\",\"name\":\"MBA Acelera\",\"description\":\"\",\"publisher\":{\"@id\":\"https:\\\/\\\/aceleramba.com\\\/fr\\\/#organization\"},\"potentialAction\":[{\"@type\":\"SearchAction\",\"target\":{\"@type\":\"EntryPoint\",\"urlTemplate\":\"https:\\\/\\\/aceleramba.com\\\/fr\\\/?s={search_term_string}\"},\"query-input\":{\"@type\":\"PropertyValueSpecification\",\"valueRequired\":true,\"valueName\":\"search_term_string\"}}],\"inLanguage\":\"fr-FR\"},{\"@type\":\"Organization\",\"@id\":\"https:\\\/\\\/aceleramba.com\\\/fr\\\/#organization\",\"name\":\"MBA Acelera\",\"url\":\"https:\\\/\\\/aceleramba.com\\\/fr\\\/\",\"logo\":{\"@type\":\"ImageObject\",\"inLanguage\":\"fr-FR\",\"@id\":\"https:\\\/\\\/aceleramba.com\\\/fr\\\/#\\\/schema\\\/logo\\\/image\\\/\",\"url\":\"https:\\\/\\\/aceleramba.com\\\/wp-content\\\/uploads\\\/2025\\\/04\\\/MBA-Acelera-Logo.svg\",\"contentUrl\":\"https:\\\/\\\/aceleramba.com\\\/wp-content\\\/uploads\\\/2025\\\/04\\\/MBA-Acelera-Logo.svg\",\"width\":135,\"height\":46,\"caption\":\"MBA Acelera\"},\"image\":{\"@id\":\"https:\\\/\\\/aceleramba.com\\\/fr\\\/#\\\/schema\\\/logo\\\/image\\\/\"}},{\"@type\":\"Person\",\"@id\":\"https:\\\/\\\/aceleramba.com\\\/fr\\\/#\\\/schema\\\/person\\\/ba68e0535553c0860c81b05303d7a558\",\"name\":\"MBA-Calmo\",\"image\":{\"@type\":\"ImageObject\",\"inLanguage\":\"fr-FR\",\"@id\":\"https:\\\/\\\/secure.gravatar.com\\\/avatar\\\/64373769b4f5f863fa6c58046649b6a7dc25d69de1f7d1500b782658cb81aeaa?s=96&d=mm&r=g\",\"url\":\"https:\\\/\\\/secure.gravatar.com\\\/avatar\\\/64373769b4f5f863fa6c58046649b6a7dc25d69de1f7d1500b782658cb81aeaa?s=96&d=mm&r=g\",\"contentUrl\":\"https:\\\/\\\/secure.gravatar.com\\\/avatar\\\/64373769b4f5f863fa6c58046649b6a7dc25d69de1f7d1500b782658cb81aeaa?s=96&d=mm&r=g\",\"caption\":\"MBA-Calmo\"},\"sameAs\":[\"https:\\\/\\\/aceleramba.com\"],\"url\":\"https:\\\/\\\/aceleramba.com\\\/fr\\\/author\\\/mba-calmo\\\/\"}]}<\/script>\n<!-- \/ Yoast SEO plugin. -->","yoast_head_json":{"title":"Produire des vitamines pour le sol - MBA Acelera","robots":{"index":"index","follow":"follow","max-snippet":"max-snippet:-1","max-image-preview":"max-image-preview:large","max-video-preview":"max-video-preview:-1"},"canonical":"https:\/\/aceleramba.com\/fr\/produire-des-vitamines-pour-le-sol\/","og_locale":"fr_FR","og_type":"article","og_title":"Produire des vitamines pour le sol - MBA Acelera","og_description":"Rien ne se perd gr\u00e2ce \u00e0 l\u2019\u00e9conomie circulaire\u00a0! R\u00e9cup\u00e9rer les d\u00e9chets organiques des entreprises de la ville et les transformer en compost de haute qualit\u00e9 pour le secteur agricole colombien: tel est l\u2019ambition de l\u2019entreprise Ciclorg\u00e1nicos. Il y a 3 ans, en 2019, Jaime, ing\u00e9nieur forestier, son \u00e9pouse Alejandra, et 2 autres collaborateurs rach\u00e8tent une [&hellip;]","og_url":"https:\/\/aceleramba.com\/fr\/produire-des-vitamines-pour-le-sol\/","og_site_name":"MBA Acelera","article_published_time":"2022-09-06T11:37:57+00:00","article_modified_time":"2025-05-08T11:29:12+00:00","og_image":[{"width":1440,"height":1080,"url":"https:\/\/aceleramba.com\/wp-content\/uploads\/2022\/09\/actec-news-ciclorganicos-mba-3.jpg","type":"image\/jpeg"}],"author":"MBA-Calmo","twitter_card":"summary_large_image","twitter_misc":{"\u00c9crit par":"MBA-Calmo","Dur\u00e9e de lecture estim\u00e9e":"2 minutes"},"schema":{"@context":"https:\/\/schema.org","@graph":[{"@type":"Article","@id":"https:\/\/aceleramba.com\/fr\/produire-des-vitamines-pour-le-sol\/#article","isPartOf":{"@id":"https:\/\/aceleramba.com\/fr\/produire-des-vitamines-pour-le-sol\/"},"author":{"name":"MBA-Calmo","@id":"https:\/\/aceleramba.com\/fr\/#\/schema\/person\/ba68e0535553c0860c81b05303d7a558"},"headline":"Produire des vitamines pour le sol","datePublished":"2022-09-06T11:37:57+00:00","dateModified":"2025-05-08T11:29:12+00:00","mainEntityOfPage":{"@id":"https:\/\/aceleramba.com\/fr\/produire-des-vitamines-pour-le-sol\/"},"wordCount":388,"publisher":{"@id":"https:\/\/aceleramba.com\/fr\/#organization"},"image":{"@id":"https:\/\/aceleramba.com\/fr\/produire-des-vitamines-pour-le-sol\/#primaryimage"},"thumbnailUrl":"https:\/\/aceleramba.com\/wp-content\/uploads\/2022\/09\/actec-news-ciclorganicos-mba-3.jpg","articleSection":["Histoires de succ\u00e8s"],"inLanguage":"fr-FR"},{"@type":"WebPage","@id":"https:\/\/aceleramba.com\/fr\/produire-des-vitamines-pour-le-sol\/","url":"https:\/\/aceleramba.com\/fr\/produire-des-vitamines-pour-le-sol\/","name":"Produire des vitamines pour le sol - MBA Acelera","isPartOf":{"@id":"https:\/\/aceleramba.com\/fr\/#website"},"primaryImageOfPage":{"@id":"https:\/\/aceleramba.com\/fr\/produire-des-vitamines-pour-le-sol\/#primaryimage"},"image":{"@id":"https:\/\/aceleramba.com\/fr\/produire-des-vitamines-pour-le-sol\/#primaryimage"},"thumbnailUrl":"https:\/\/aceleramba.com\/wp-content\/uploads\/2022\/09\/actec-news-ciclorganicos-mba-3.jpg","datePublished":"2022-09-06T11:37:57+00:00","dateModified":"2025-05-08T11:29:12+00:00","breadcrumb":{"@id":"https:\/\/aceleramba.com\/fr\/produire-des-vitamines-pour-le-sol\/#breadcrumb"},"inLanguage":"fr-FR","potentialAction":[{"@type":"ReadAction","target":["https:\/\/aceleramba.com\/fr\/produire-des-vitamines-pour-le-sol\/"]}]},{"@type":"ImageObject","inLanguage":"fr-FR","@id":"https:\/\/aceleramba.com\/fr\/produire-des-vitamines-pour-le-sol\/#primaryimage","url":"https:\/\/aceleramba.com\/wp-content\/uploads\/2022\/09\/actec-news-ciclorganicos-mba-3.jpg","contentUrl":"https:\/\/aceleramba.com\/wp-content\/uploads\/2022\/09\/actec-news-ciclorganicos-mba-3.jpg","width":1440,"height":1080},{"@type":"BreadcrumbList","@id":"https:\/\/aceleramba.com\/fr\/produire-des-vitamines-pour-le-sol\/#breadcrumb","itemListElement":[{"@type":"ListItem","position":1,"name":"Portada","item":"https:\/\/aceleramba.com\/fr\/"},{"@type":"ListItem","position":2,"name":"Produire des vitamines pour le sol"}]},{"@type":"WebSite","@id":"https:\/\/aceleramba.com\/fr\/#website","url":"https:\/\/aceleramba.com\/fr\/","name":"MBA Acelera","description":"","publisher":{"@id":"https:\/\/aceleramba.com\/fr\/#organization"},"potentialAction":[{"@type":"SearchAction","target":{"@type":"EntryPoint","urlTemplate":"https:\/\/aceleramba.com\/fr\/?s={search_term_string}"},"query-input":{"@type":"PropertyValueSpecification","valueRequired":true,"valueName":"search_term_string"}}],"inLanguage":"fr-FR"},{"@type":"Organization","@id":"https:\/\/aceleramba.com\/fr\/#organization","name":"MBA Acelera","url":"https:\/\/aceleramba.com\/fr\/","logo":{"@type":"ImageObject","inLanguage":"fr-FR","@id":"https:\/\/aceleramba.com\/fr\/#\/schema\/logo\/image\/","url":"https:\/\/aceleramba.com\/wp-content\/uploads\/2025\/04\/MBA-Acelera-Logo.svg","contentUrl":"https:\/\/aceleramba.com\/wp-content\/uploads\/2025\/04\/MBA-Acelera-Logo.svg","width":135,"height":46,"caption":"MBA Acelera"},"image":{"@id":"https:\/\/aceleramba.com\/fr\/#\/schema\/logo\/image\/"}},{"@type":"Person","@id":"https:\/\/aceleramba.com\/fr\/#\/schema\/person\/ba68e0535553c0860c81b05303d7a558","name":"MBA-Calmo","image":{"@type":"ImageObject","inLanguage":"fr-FR","@id":"https:\/\/secure.gravatar.com\/avatar\/64373769b4f5f863fa6c58046649b6a7dc25d69de1f7d1500b782658cb81aeaa?s=96&d=mm&r=g","url":"https:\/\/secure.gravatar.com\/avatar\/64373769b4f5f863fa6c58046649b6a7dc25d69de1f7d1500b782658cb81aeaa?s=96&d=mm&r=g","contentUrl":"https:\/\/secure.gravatar.com\/avatar\/64373769b4f5f863fa6c58046649b6a7dc25d69de1f7d1500b782658cb81aeaa?s=96&d=mm&r=g","caption":"MBA-Calmo"},"sameAs":["https:\/\/aceleramba.com"],"url":"https:\/\/aceleramba.com\/fr\/author\/mba-calmo\/"}]}},"_links":{"self":[{"href":"https:\/\/aceleramba.com\/fr\/wp-json\/wp\/v2\/posts\/2585","targetHints":{"allow":["GET"]}}],"collection":[{"href":"https:\/\/aceleramba.com\/fr\/wp-json\/wp\/v2\/posts"}],"about":[{"href":"https:\/\/aceleramba.com\/fr\/wp-json\/wp\/v2\/types\/post"}],"author":[{"embeddable":true,"href":"https:\/\/aceleramba.com\/fr\/wp-json\/wp\/v2\/users\/1"}],"replies":[{"embeddable":true,"href":"https:\/\/aceleramba.com\/fr\/wp-json\/wp\/v2\/comments?post=2585"}],"version-history":[{"count":2,"href":"https:\/\/aceleramba.com\/fr\/wp-json\/wp\/v2\/posts\/2585\/revisions"}],"predecessor-version":[{"id":2938,"href":"https:\/\/aceleramba.com\/fr\/wp-json\/wp\/v2\/posts\/2585\/revisions\/2938"}],"wp:featuredmedia":[{"embeddable":true,"href":"https:\/\/aceleramba.com\/fr\/wp-json\/wp\/v2\/media\/2568"}],"wp:attachment":[{"href":"https:\/\/aceleramba.com\/fr\/wp-json\/wp\/v2\/media?parent=2585"}],"wp:term":[{"taxonomy":"category","embeddable":true,"href":"https:\/\/aceleramba.com\/fr\/wp-json\/wp\/v2\/categories?post=2585"},{"taxonomy":"post_tag","embeddable":true,"href":"https:\/\/aceleramba.com\/fr\/wp-json\/wp\/v2\/tags?post=2585"}],"curies":[{"name":"wp","href":"https:\/\/api.w.org\/{rel}","templated":true}]}}