{"id":64871,"date":"2023-02-09T10:54:43","date_gmt":"2023-02-09T09:54:43","guid":{"rendered":"https:\/\/actec-ong.org\/?p=64871"},"modified":"2025-05-08T14:08:22","modified_gmt":"2025-05-08T12:08:22","slug":"lessence-du-mba-actec","status":"publish","type":"post","link":"https:\/\/aceleramba.com\/fr\/lessence-du-mba-actec\/","title":{"rendered":"L&rsquo;essence du MBA ACTEC"},"content":{"rendered":"<p>En 2008, ACTEC a commenc\u00e9 \u00e0 concevoir et \u00e0 mettre en \u0153uvre le MBA ACTEC, un programme inspir\u00e9 des m\u00e9thodes d&rsquo;enseignement des programmes MBA issus des meilleures Ecoles de commerce du monde, adapt\u00e9 aux circonstances, profils, besoins, possibilit\u00e9s et limites des entrepreneurs, hommes et femmes, de micro-entreprises en situation de vuln\u00e9rabilit\u00e9 sociale. Son objectif est de d\u00e9velopper les comp\u00e9tences manag\u00e9riales et strat\u00e9giques du public cible afin qu&rsquo;il puisse transformer ses entreprises et que celles-ci deviennent \u00e0 leur tour le moteur du d\u00e9veloppement de leurs communaut\u00e9s.<\/p>\n<p>Depuis ses d\u00e9buts, le Programme a \u00e9volu\u00e9 : les exp\u00e9riences et les le\u00e7ons apprises avec chacune des institutions avec lesquelles ACTEC collabore ont contribu\u00e9 \u00e0 am\u00e9liorer la qualit\u00e9 du Programme jusqu&rsquo;\u00e0 atteindre la r\u00e9alit\u00e9 actuelle. Aujourd\u2019hui, nous sommes dans un moment d&rsquo;approfondissement et d&rsquo;expansion du Programme.<\/p>\n<p>En 2022, le programme est mis en \u0153uvre par quatre institutions dans trois pays diff\u00e9rents (Guatemala, Colombie et El Salvador) et selon deux modalit\u00e9s diff\u00e9rentes (agro-urbaine). Naturellement, chaque partenaire local et chaque pays a ses propres idiosyncrasies et caract\u00e9ristiques particuli\u00e8res qui n\u00e9cessitent une certaine adaptation et contextualisation du programme. Il est pr\u00e9vu que dans les prochains mois, le MBA ACTEC commence au Kenya, ce qui repr\u00e9sente une langue, un contexte commercial et une culture totalement diff\u00e9rents de ceux des pays o\u00f9 le programme a \u00e9t\u00e9 r\u00e9alis\u00e9 jusqu&rsquo;\u00e0 pr\u00e9sent, et donc un nouveau d\u00e9fi.<\/p>\n<p>Le renforcement institutionnel qu&rsquo;ACTEC s&rsquo;engage \u00e0 offrir \u00e0 tous ses partenaires peut se d\u00e9cliner en trois modalit\u00e9s diff\u00e9rentes : des sessions de groupe sous forme de s\u00e9minaires, cours, conf\u00e9rences, etc. ; un accompagnement individuel sous forme de coaching et de conseils personnalis\u00e9s ; et des publications sous forme de Manuels qui r\u00e9sument de mani\u00e8re synth\u00e9tique et syst\u00e9matique diverses facettes ou aspects essentiels du Programme (M\u00e9thodologie, M\u00e9thode du Cas, Mesure d&rsquo;impact, Communication, etc.).<\/p>\n<p>Pour r\u00e9sumer l&rsquo;essence du MBA ACTEC, nous vous proposons cette courte pr\u00e9sentation r\u00e9alis\u00e9e par le fondateur du Programme, Daniel Turiel.<\/p>\n<p><iframe src=\"https:\/\/www.youtube.com\/embed\/aYcokdglVOI?cc_load_policy=1&amp;hl=fr&amp;cc_lang_pref=fr\" width=\"100%\" height=\"410\" frameborder=\"0\" allowfullscreen=\"allowfullscreen\" data-mce-fragment=\"1\"><\/iframe><\/p>\n","protected":false},"excerpt":{"rendered":"<p>En 2008, ACTEC a commenc\u00e9 \u00e0 concevoir et \u00e0 mettre en \u0153uvre le MBA ACTEC, un programme inspir\u00e9 des m\u00e9thodes d&rsquo;enseignement des programmes MBA issus des meilleures Ecoles de commerce du monde, adapt\u00e9 aux circonstances, profils, besoins, possibilit\u00e9s et limites des entrepreneurs, hommes et femmes, de micro-entreprises en situation de vuln\u00e9rabilit\u00e9 sociale. Son objectif est [&hellip;]<\/p>\n","protected":false},"author":1,"featured_media":64877,"comment_status":"closed","ping_status":"closed","sticky":false,"template":"","format":"standard","meta":{"_acf_changed":false,"footnotes":""},"categories":[],"tags":[],"class_list":["post-64871","post","type-post","status-publish","format-standard","has-post-thumbnail","hentry"],"acf":[],"yoast_head":"<!-- This site is optimized with the Yoast SEO plugin v27.3 - https:\/\/yoast.com\/product\/yoast-seo-wordpress\/ -->\n<title>L&#039;essence du MBA ACTEC - MBA Acelera<\/title>\n<meta name=\"robots\" content=\"index, follow, max-snippet:-1, max-image-preview:large, max-video-preview:-1\" \/>\n<link rel=\"canonical\" href=\"https:\/\/aceleramba.com\/fr\/lessence-du-mba-actec\/\" \/>\n<meta property=\"og:locale\" content=\"fr_FR\" \/>\n<meta property=\"og:type\" content=\"article\" \/>\n<meta property=\"og:title\" content=\"L&#039;essence du MBA ACTEC - MBA Acelera\" \/>\n<meta property=\"og:description\" content=\"En 2008, ACTEC a commenc\u00e9 \u00e0 concevoir et \u00e0 mettre en \u0153uvre le MBA ACTEC, un programme inspir\u00e9 des m\u00e9thodes d&rsquo;enseignement des programmes MBA issus des meilleures Ecoles de commerce du monde, adapt\u00e9 aux circonstances, profils, besoins, possibilit\u00e9s et limites des entrepreneurs, hommes et femmes, de micro-entreprises en situation de vuln\u00e9rabilit\u00e9 sociale. Son objectif est [&hellip;]\" \/>\n<meta property=\"og:url\" content=\"https:\/\/aceleramba.com\/fr\/lessence-du-mba-actec\/\" \/>\n<meta property=\"og:site_name\" content=\"MBA Acelera\" \/>\n<meta property=\"article:published_time\" content=\"2023-02-09T09:54:43+00:00\" \/>\n<meta property=\"article:modified_time\" content=\"2025-05-08T12:08:22+00:00\" \/>\n<meta property=\"og:image\" content=\"https:\/\/aceleramba.com\/wp-content\/uploads\/2023\/02\/MBA-Entrevista-Daniel-Preview.jpg\" \/>\n\t<meta property=\"og:image:width\" content=\"1440\" \/>\n\t<meta property=\"og:image:height\" content=\"804\" \/>\n\t<meta property=\"og:image:type\" content=\"image\/jpeg\" \/>\n<meta name=\"author\" content=\"MBA-Calmo\" \/>\n<meta name=\"twitter:card\" content=\"summary_large_image\" \/>\n<meta name=\"twitter:label1\" content=\"\u00c9crit par\" \/>\n\t<meta name=\"twitter:data1\" content=\"MBA-Calmo\" \/>\n\t<meta name=\"twitter:label2\" content=\"Dur\u00e9e de lecture estim\u00e9e\" \/>\n\t<meta name=\"twitter:data2\" content=\"2 minutes\" \/>\n<script type=\"application\/ld+json\" class=\"yoast-schema-graph\">{\"@context\":\"https:\\\/\\\/schema.org\",\"@graph\":[{\"@type\":\"Article\",\"@id\":\"https:\\\/\\\/aceleramba.com\\\/fr\\\/lessence-du-mba-actec\\\/#article\",\"isPartOf\":{\"@id\":\"https:\\\/\\\/aceleramba.com\\\/fr\\\/lessence-du-mba-actec\\\/\"},\"author\":{\"name\":\"MBA-Calmo\",\"@id\":\"https:\\\/\\\/aceleramba.com\\\/fr\\\/#\\\/schema\\\/person\\\/ba68e0535553c0860c81b05303d7a558\"},\"headline\":\"L&rsquo;essence du MBA ACTEC\",\"datePublished\":\"2023-02-09T09:54:43+00:00\",\"dateModified\":\"2025-05-08T12:08:22+00:00\",\"mainEntityOfPage\":{\"@id\":\"https:\\\/\\\/aceleramba.com\\\/fr\\\/lessence-du-mba-actec\\\/\"},\"wordCount\":360,\"publisher\":{\"@id\":\"https:\\\/\\\/aceleramba.com\\\/fr\\\/#organization\"},\"image\":{\"@id\":\"https:\\\/\\\/aceleramba.com\\\/fr\\\/lessence-du-mba-actec\\\/#primaryimage\"},\"thumbnailUrl\":\"https:\\\/\\\/aceleramba.com\\\/wp-content\\\/uploads\\\/2023\\\/02\\\/MBA-Entrevista-Daniel-Preview.jpg\",\"inLanguage\":\"fr-FR\"},{\"@type\":\"WebPage\",\"@id\":\"https:\\\/\\\/aceleramba.com\\\/fr\\\/lessence-du-mba-actec\\\/\",\"url\":\"https:\\\/\\\/aceleramba.com\\\/fr\\\/lessence-du-mba-actec\\\/\",\"name\":\"L'essence du MBA ACTEC - MBA Acelera\",\"isPartOf\":{\"@id\":\"https:\\\/\\\/aceleramba.com\\\/fr\\\/#website\"},\"primaryImageOfPage\":{\"@id\":\"https:\\\/\\\/aceleramba.com\\\/fr\\\/lessence-du-mba-actec\\\/#primaryimage\"},\"image\":{\"@id\":\"https:\\\/\\\/aceleramba.com\\\/fr\\\/lessence-du-mba-actec\\\/#primaryimage\"},\"thumbnailUrl\":\"https:\\\/\\\/aceleramba.com\\\/wp-content\\\/uploads\\\/2023\\\/02\\\/MBA-Entrevista-Daniel-Preview.jpg\",\"datePublished\":\"2023-02-09T09:54:43+00:00\",\"dateModified\":\"2025-05-08T12:08:22+00:00\",\"breadcrumb\":{\"@id\":\"https:\\\/\\\/aceleramba.com\\\/fr\\\/lessence-du-mba-actec\\\/#breadcrumb\"},\"inLanguage\":\"fr-FR\",\"potentialAction\":[{\"@type\":\"ReadAction\",\"target\":[\"https:\\\/\\\/aceleramba.com\\\/fr\\\/lessence-du-mba-actec\\\/\"]}]},{\"@type\":\"ImageObject\",\"inLanguage\":\"fr-FR\",\"@id\":\"https:\\\/\\\/aceleramba.com\\\/fr\\\/lessence-du-mba-actec\\\/#primaryimage\",\"url\":\"https:\\\/\\\/aceleramba.com\\\/wp-content\\\/uploads\\\/2023\\\/02\\\/MBA-Entrevista-Daniel-Preview.jpg\",\"contentUrl\":\"https:\\\/\\\/aceleramba.com\\\/wp-content\\\/uploads\\\/2023\\\/02\\\/MBA-Entrevista-Daniel-Preview.jpg\",\"width\":1440,\"height\":804,\"caption\":\"Daniel Turiel\"},{\"@type\":\"BreadcrumbList\",\"@id\":\"https:\\\/\\\/aceleramba.com\\\/fr\\\/lessence-du-mba-actec\\\/#breadcrumb\",\"itemListElement\":[{\"@type\":\"ListItem\",\"position\":1,\"name\":\"Portada\",\"item\":\"https:\\\/\\\/aceleramba.com\\\/fr\\\/\"},{\"@type\":\"ListItem\",\"position\":2,\"name\":\"L&#8217;essence du MBA ACTEC\"}]},{\"@type\":\"WebSite\",\"@id\":\"https:\\\/\\\/aceleramba.com\\\/fr\\\/#website\",\"url\":\"https:\\\/\\\/aceleramba.com\\\/fr\\\/\",\"name\":\"MBA Acelera\",\"description\":\"\",\"publisher\":{\"@id\":\"https:\\\/\\\/aceleramba.com\\\/fr\\\/#organization\"},\"potentialAction\":[{\"@type\":\"SearchAction\",\"target\":{\"@type\":\"EntryPoint\",\"urlTemplate\":\"https:\\\/\\\/aceleramba.com\\\/fr\\\/?s={search_term_string}\"},\"query-input\":{\"@type\":\"PropertyValueSpecification\",\"valueRequired\":true,\"valueName\":\"search_term_string\"}}],\"inLanguage\":\"fr-FR\"},{\"@type\":\"Organization\",\"@id\":\"https:\\\/\\\/aceleramba.com\\\/fr\\\/#organization\",\"name\":\"MBA Acelera\",\"url\":\"https:\\\/\\\/aceleramba.com\\\/fr\\\/\",\"logo\":{\"@type\":\"ImageObject\",\"inLanguage\":\"fr-FR\",\"@id\":\"https:\\\/\\\/aceleramba.com\\\/fr\\\/#\\\/schema\\\/logo\\\/image\\\/\",\"url\":\"https:\\\/\\\/aceleramba.com\\\/wp-content\\\/uploads\\\/2025\\\/04\\\/MBA-Acelera-Logo.svg\",\"contentUrl\":\"https:\\\/\\\/aceleramba.com\\\/wp-content\\\/uploads\\\/2025\\\/04\\\/MBA-Acelera-Logo.svg\",\"width\":135,\"height\":46,\"caption\":\"MBA Acelera\"},\"image\":{\"@id\":\"https:\\\/\\\/aceleramba.com\\\/fr\\\/#\\\/schema\\\/logo\\\/image\\\/\"}},{\"@type\":\"Person\",\"@id\":\"https:\\\/\\\/aceleramba.com\\\/fr\\\/#\\\/schema\\\/person\\\/ba68e0535553c0860c81b05303d7a558\",\"name\":\"MBA-Calmo\",\"image\":{\"@type\":\"ImageObject\",\"inLanguage\":\"fr-FR\",\"@id\":\"https:\\\/\\\/secure.gravatar.com\\\/avatar\\\/64373769b4f5f863fa6c58046649b6a7dc25d69de1f7d1500b782658cb81aeaa?s=96&d=mm&r=g\",\"url\":\"https:\\\/\\\/secure.gravatar.com\\\/avatar\\\/64373769b4f5f863fa6c58046649b6a7dc25d69de1f7d1500b782658cb81aeaa?s=96&d=mm&r=g\",\"contentUrl\":\"https:\\\/\\\/secure.gravatar.com\\\/avatar\\\/64373769b4f5f863fa6c58046649b6a7dc25d69de1f7d1500b782658cb81aeaa?s=96&d=mm&r=g\",\"caption\":\"MBA-Calmo\"},\"sameAs\":[\"https:\\\/\\\/aceleramba.com\"],\"url\":\"https:\\\/\\\/aceleramba.com\\\/fr\\\/author\\\/mba-calmo\\\/\"}]}<\/script>\n<!-- \/ Yoast SEO plugin. -->","yoast_head_json":{"title":"L'essence du MBA ACTEC - MBA Acelera","robots":{"index":"index","follow":"follow","max-snippet":"max-snippet:-1","max-image-preview":"max-image-preview:large","max-video-preview":"max-video-preview:-1"},"canonical":"https:\/\/aceleramba.com\/fr\/lessence-du-mba-actec\/","og_locale":"fr_FR","og_type":"article","og_title":"L'essence du MBA ACTEC - MBA Acelera","og_description":"En 2008, ACTEC a commenc\u00e9 \u00e0 concevoir et \u00e0 mettre en \u0153uvre le MBA ACTEC, un programme inspir\u00e9 des m\u00e9thodes d&rsquo;enseignement des programmes MBA issus des meilleures Ecoles de commerce du monde, adapt\u00e9 aux circonstances, profils, besoins, possibilit\u00e9s et limites des entrepreneurs, hommes et femmes, de micro-entreprises en situation de vuln\u00e9rabilit\u00e9 sociale. Son objectif est [&hellip;]","og_url":"https:\/\/aceleramba.com\/fr\/lessence-du-mba-actec\/","og_site_name":"MBA Acelera","article_published_time":"2023-02-09T09:54:43+00:00","article_modified_time":"2025-05-08T12:08:22+00:00","og_image":[{"width":1440,"height":804,"url":"https:\/\/aceleramba.com\/wp-content\/uploads\/2023\/02\/MBA-Entrevista-Daniel-Preview.jpg","type":"image\/jpeg"}],"author":"MBA-Calmo","twitter_card":"summary_large_image","twitter_misc":{"\u00c9crit par":"MBA-Calmo","Dur\u00e9e de lecture estim\u00e9e":"2 minutes"},"schema":{"@context":"https:\/\/schema.org","@graph":[{"@type":"Article","@id":"https:\/\/aceleramba.com\/fr\/lessence-du-mba-actec\/#article","isPartOf":{"@id":"https:\/\/aceleramba.com\/fr\/lessence-du-mba-actec\/"},"author":{"name":"MBA-Calmo","@id":"https:\/\/aceleramba.com\/fr\/#\/schema\/person\/ba68e0535553c0860c81b05303d7a558"},"headline":"L&rsquo;essence du MBA ACTEC","datePublished":"2023-02-09T09:54:43+00:00","dateModified":"2025-05-08T12:08:22+00:00","mainEntityOfPage":{"@id":"https:\/\/aceleramba.com\/fr\/lessence-du-mba-actec\/"},"wordCount":360,"publisher":{"@id":"https:\/\/aceleramba.com\/fr\/#organization"},"image":{"@id":"https:\/\/aceleramba.com\/fr\/lessence-du-mba-actec\/#primaryimage"},"thumbnailUrl":"https:\/\/aceleramba.com\/wp-content\/uploads\/2023\/02\/MBA-Entrevista-Daniel-Preview.jpg","inLanguage":"fr-FR"},{"@type":"WebPage","@id":"https:\/\/aceleramba.com\/fr\/lessence-du-mba-actec\/","url":"https:\/\/aceleramba.com\/fr\/lessence-du-mba-actec\/","name":"L'essence du MBA ACTEC - MBA Acelera","isPartOf":{"@id":"https:\/\/aceleramba.com\/fr\/#website"},"primaryImageOfPage":{"@id":"https:\/\/aceleramba.com\/fr\/lessence-du-mba-actec\/#primaryimage"},"image":{"@id":"https:\/\/aceleramba.com\/fr\/lessence-du-mba-actec\/#primaryimage"},"thumbnailUrl":"https:\/\/aceleramba.com\/wp-content\/uploads\/2023\/02\/MBA-Entrevista-Daniel-Preview.jpg","datePublished":"2023-02-09T09:54:43+00:00","dateModified":"2025-05-08T12:08:22+00:00","breadcrumb":{"@id":"https:\/\/aceleramba.com\/fr\/lessence-du-mba-actec\/#breadcrumb"},"inLanguage":"fr-FR","potentialAction":[{"@type":"ReadAction","target":["https:\/\/aceleramba.com\/fr\/lessence-du-mba-actec\/"]}]},{"@type":"ImageObject","inLanguage":"fr-FR","@id":"https:\/\/aceleramba.com\/fr\/lessence-du-mba-actec\/#primaryimage","url":"https:\/\/aceleramba.com\/wp-content\/uploads\/2023\/02\/MBA-Entrevista-Daniel-Preview.jpg","contentUrl":"https:\/\/aceleramba.com\/wp-content\/uploads\/2023\/02\/MBA-Entrevista-Daniel-Preview.jpg","width":1440,"height":804,"caption":"Daniel Turiel"},{"@type":"BreadcrumbList","@id":"https:\/\/aceleramba.com\/fr\/lessence-du-mba-actec\/#breadcrumb","itemListElement":[{"@type":"ListItem","position":1,"name":"Portada","item":"https:\/\/aceleramba.com\/fr\/"},{"@type":"ListItem","position":2,"name":"L&#8217;essence du MBA ACTEC"}]},{"@type":"WebSite","@id":"https:\/\/aceleramba.com\/fr\/#website","url":"https:\/\/aceleramba.com\/fr\/","name":"MBA Acelera","description":"","publisher":{"@id":"https:\/\/aceleramba.com\/fr\/#organization"},"potentialAction":[{"@type":"SearchAction","target":{"@type":"EntryPoint","urlTemplate":"https:\/\/aceleramba.com\/fr\/?s={search_term_string}"},"query-input":{"@type":"PropertyValueSpecification","valueRequired":true,"valueName":"search_term_string"}}],"inLanguage":"fr-FR"},{"@type":"Organization","@id":"https:\/\/aceleramba.com\/fr\/#organization","name":"MBA Acelera","url":"https:\/\/aceleramba.com\/fr\/","logo":{"@type":"ImageObject","inLanguage":"fr-FR","@id":"https:\/\/aceleramba.com\/fr\/#\/schema\/logo\/image\/","url":"https:\/\/aceleramba.com\/wp-content\/uploads\/2025\/04\/MBA-Acelera-Logo.svg","contentUrl":"https:\/\/aceleramba.com\/wp-content\/uploads\/2025\/04\/MBA-Acelera-Logo.svg","width":135,"height":46,"caption":"MBA Acelera"},"image":{"@id":"https:\/\/aceleramba.com\/fr\/#\/schema\/logo\/image\/"}},{"@type":"Person","@id":"https:\/\/aceleramba.com\/fr\/#\/schema\/person\/ba68e0535553c0860c81b05303d7a558","name":"MBA-Calmo","image":{"@type":"ImageObject","inLanguage":"fr-FR","@id":"https:\/\/secure.gravatar.com\/avatar\/64373769b4f5f863fa6c58046649b6a7dc25d69de1f7d1500b782658cb81aeaa?s=96&d=mm&r=g","url":"https:\/\/secure.gravatar.com\/avatar\/64373769b4f5f863fa6c58046649b6a7dc25d69de1f7d1500b782658cb81aeaa?s=96&d=mm&r=g","contentUrl":"https:\/\/secure.gravatar.com\/avatar\/64373769b4f5f863fa6c58046649b6a7dc25d69de1f7d1500b782658cb81aeaa?s=96&d=mm&r=g","caption":"MBA-Calmo"},"sameAs":["https:\/\/aceleramba.com"],"url":"https:\/\/aceleramba.com\/fr\/author\/mba-calmo\/"}]}},"_links":{"self":[{"href":"https:\/\/aceleramba.com\/fr\/wp-json\/wp\/v2\/posts\/64871","targetHints":{"allow":["GET"]}}],"collection":[{"href":"https:\/\/aceleramba.com\/fr\/wp-json\/wp\/v2\/posts"}],"about":[{"href":"https:\/\/aceleramba.com\/fr\/wp-json\/wp\/v2\/types\/post"}],"author":[{"embeddable":true,"href":"https:\/\/aceleramba.com\/fr\/wp-json\/wp\/v2\/users\/1"}],"replies":[{"embeddable":true,"href":"https:\/\/aceleramba.com\/fr\/wp-json\/wp\/v2\/comments?post=64871"}],"version-history":[{"count":2,"href":"https:\/\/aceleramba.com\/fr\/wp-json\/wp\/v2\/posts\/64871\/revisions"}],"predecessor-version":[{"id":65254,"href":"https:\/\/aceleramba.com\/fr\/wp-json\/wp\/v2\/posts\/64871\/revisions\/65254"}],"wp:featuredmedia":[{"embeddable":true,"href":"https:\/\/aceleramba.com\/fr\/wp-json\/wp\/v2\/media\/64877"}],"wp:attachment":[{"href":"https:\/\/aceleramba.com\/fr\/wp-json\/wp\/v2\/media?parent=64871"}],"wp:term":[{"taxonomy":"category","embeddable":true,"href":"https:\/\/aceleramba.com\/fr\/wp-json\/wp\/v2\/categories?post=64871"},{"taxonomy":"post_tag","embeddable":true,"href":"https:\/\/aceleramba.com\/fr\/wp-json\/wp\/v2\/tags?post=64871"}],"curies":[{"name":"wp","href":"https:\/\/api.w.org\/{rel}","templated":true}]}}