{"id":65234,"date":"2024-05-30T17:58:52","date_gmt":"2024-05-30T15:58:52","guid":{"rendered":"https:\/\/actec-ong.org\/?p=65234"},"modified":"2025-05-08T14:16:01","modified_gmt":"2025-05-08T12:16:01","slug":"le-seminaire-international-du-reseau-mba-actec-2023-se-tient-au-guatemala","status":"publish","type":"post","link":"https:\/\/aceleramba.com\/fr\/le-seminaire-international-du-reseau-mba-actec-2023-se-tient-au-guatemala\/","title":{"rendered":"Le se\u0301minaire international du re\u0301seau MBA ACTEC 2023 se tient au Guatemala"},"content":{"rendered":"<p>Au Guatemala, le S\u00e9minaire International du R\u00e9seau MBA ACTEC 2023 a r\u00e9uni des experts de divers pays pour \u00e9changer sur l&rsquo;am\u00e9lioration des \u00e9coles de commerce pour micro-entreprises, discuter des innovations en mati\u00e8re de leadership et d&rsquo;impact social, et renforcer le r\u00e9seau Alumni ACTEC.<\/p>\n<p>En novembre dernier, plus de 25 repre\u0301sentants des entite\u0301s promouvant le MBA ACTEC et les Business Schools for Microenterprises ont participe\u0301 au Se\u0301minaire International du Re\u0301seau MBA ACTEC. Pendant une semaine, dans la ville de Quetzaltenango, les participants venus de Belgique, du Guatemala, de Colombie, du Salvador, d\u2019Uruguay, d\u2019Espagne et de Finlande ont partage\u0301 leurs connaissances et leurs re\u0301flexions afin d\u2019ame\u0301liorer la mise en \u0153uvre du MBA ACTEC et des e\u0301coles de commerce pour micro-entreprises.<\/p>\n<p>Parmi les sujets aborde\u0301s, citons le leadership, les approches ESG, les me\u0301thodologies et les syste\u0300mes de mesure, le de\u0301fi de la technologie et de l\u2019innovation, les obligations a\u0300 impact social, etc. Des entrepreneurs forme\u0301s au MBA ACTEC lors des e\u0301ditions pre\u0301ce\u0301dentes ont fait part de leur expe\u0301rience et une foire commerciale a e\u0301te\u0301 organise\u0301e avec l\u2019exposition de produits d\u2019entrepreneurs locaux.<\/p>\n<h2>Alumni Network : une communaute\u0301 d\u2019anciens du MBA ACTEC<\/h2>\n<p>Le re\u0301seau des anciens est la re\u0301ponse pour suivre et soutenir les entrepreneurs de manie\u0300re durable, une fois qu\u2019ils ont termine\u0301 le MBA d\u2019ACTEC. Gra\u0302ce a\u0300 ce re\u0301seau, ils restent en contact avec ACTEC et ses partenaires, en les tenant informe\u0301s. Alumni est un espace d\u2019expansion personnelle et professionnelle : e\u0301largir leur re\u0301seau de contacts, ge\u0301ne\u0301rer des alliances spontane\u0301es entre entrepreneurs et managers, encourager l\u2019innovation, re\u0301pondre a\u0300 des besoins communs. Le re\u0301seau favorise la formation continue, l\u2019acce\u0300s aux ressources pe\u0301dagogiques, la diffusion des bonnes pratiques, la cre\u0301ation d\u2019espaces et de rencontres pour l\u2019auto-formation, l\u2019e\u0301change, etc. En outre, les entrepreneurs diplo\u0302me\u0301s peuvent partager leurs expe\u0301riences et leurs connaissances, encadrer d\u2019autres entrepreneurs et promouvoir l\u2019ame\u0301lioration continue du programme. En bref, le programme Alumni invite les entrepreneurs a\u0300 se conside\u0301rer et a\u0300 se reconnai\u0302tre comme des leaders sociaux de l\u2019e\u0301cosyste\u0300me entrepreneurial.<\/p>\n<p><img fetchpriority=\"high\" decoding=\"async\" class=\"alignnone wp-image-65258 size-full\" src=\"https:\/\/aceleramba.com\/wp-content\/uploads\/2024\/05\/actec-news-seminario-mba-01-scaled-2.webp\" alt=\"\" width=\"2560\" height=\"1440\" srcset=\"https:\/\/aceleramba.com\/wp-content\/uploads\/2024\/05\/actec-news-seminario-mba-01-scaled-2.webp 2560w, https:\/\/aceleramba.com\/wp-content\/uploads\/2024\/05\/actec-news-seminario-mba-01-scaled-2-300x169.webp 300w, https:\/\/aceleramba.com\/wp-content\/uploads\/2024\/05\/actec-news-seminario-mba-01-scaled-2-1024x576.webp 1024w, https:\/\/aceleramba.com\/wp-content\/uploads\/2024\/05\/actec-news-seminario-mba-01-scaled-2-768x432.webp 768w, https:\/\/aceleramba.com\/wp-content\/uploads\/2024\/05\/actec-news-seminario-mba-01-scaled-2-1536x864.webp 1536w, https:\/\/aceleramba.com\/wp-content\/uploads\/2024\/05\/actec-news-seminario-mba-01-scaled-2-2048x1152.webp 2048w\" sizes=\"(max-width: 2560px) 100vw, 2560px\" \/><\/p>\n<h2>Nous pre\u0301sentons l\u2019ACTEC ACADEMY<\/h2>\n<p>Lors du se\u0301minaire au Guatemala a eu lieu la pre\u0301sentation de l\u2019ACTEC ACADEMY, un espace pour la gestion et la promotion de la formation et de la connaissance dans le re\u0301seau ACTEC MBA et le BSM. Il s\u2019agit d\u2019une communaute\u0301 d\u2019apprentissage et d\u2019un outil permettant de concre\u0301tiser le re\u0302ve des meilleures e\u0301coles de commerce pour les micro-entreprises. Cette initiative permettra d\u2019atteindre les objectifs suivants :<\/p>\n<ul>\n<li>Fournir une formation personnalise\u0301e et sur mesure.<\/li>\n<li>Ge\u0301ne\u0301rer des connaissances pour les appliquer de manie\u0300re approprie\u0301e et fonctionnelle.<\/li>\n<li>Promouvoir l\u2019apprentissage collaboratif.<\/li>\n<li>Apprendre des expe\u0301riences quotidiennes du MBA d\u2019ACTEC.<\/li>\n<\/ul>\n<p>En outre, la qualite\u0301 de la formation sera contro\u0302le\u0301e, en e\u0301valuant l\u2019application du programme et de la me\u0301thodologie, le suivi et l\u2019e\u0301valuation des e\u0301tudiants, et les compe\u0301tences des enseignants.<\/p>\n","protected":false},"excerpt":{"rendered":"<p>Au Guatemala, le S\u00e9minaire International du R\u00e9seau MBA ACTEC 2023 a r\u00e9uni des experts de divers pays pour \u00e9changer sur l&rsquo;am\u00e9lioration des \u00e9coles de commerce pour micro-entreprises, discuter des innovations en mati\u00e8re de leadership et d&rsquo;impact social, et renforcer le r\u00e9seau Alumni ACTEC. En novembre dernier, plus de 25 repre\u0301sentants des entite\u0301s promouvant le MBA [&hellip;]<\/p>\n","protected":false},"author":1,"featured_media":65237,"comment_status":"closed","ping_status":"closed","sticky":false,"template":"","format":"standard","meta":{"_acf_changed":false,"footnotes":""},"categories":[20,7],"tags":[],"class_list":["post-65234","post","type-post","status-publish","format-standard","has-post-thumbnail","hentry","category-seminaires","category-seminarios"],"acf":[],"yoast_head":"<!-- This site is optimized with the Yoast SEO plugin v27.3 - https:\/\/yoast.com\/product\/yoast-seo-wordpress\/ -->\n<title>Le se\u0301minaire international du re\u0301seau MBA ACTEC 2023 se tient au Guatemala - MBA Acelera<\/title>\n<meta name=\"robots\" content=\"index, follow, max-snippet:-1, max-image-preview:large, max-video-preview:-1\" \/>\n<link rel=\"canonical\" href=\"https:\/\/aceleramba.com\/fr\/le-seminaire-international-du-reseau-mba-actec-2023-se-tient-au-guatemala\/\" \/>\n<meta property=\"og:locale\" content=\"fr_FR\" \/>\n<meta property=\"og:type\" content=\"article\" \/>\n<meta property=\"og:title\" content=\"Le se\u0301minaire international du re\u0301seau MBA ACTEC 2023 se tient au Guatemala - MBA Acelera\" \/>\n<meta property=\"og:description\" content=\"Au Guatemala, le S\u00e9minaire International du R\u00e9seau MBA ACTEC 2023 a r\u00e9uni des experts de divers pays pour \u00e9changer sur l&rsquo;am\u00e9lioration des \u00e9coles de commerce pour micro-entreprises, discuter des innovations en mati\u00e8re de leadership et d&rsquo;impact social, et renforcer le r\u00e9seau Alumni ACTEC. En novembre dernier, plus de 25 repre\u0301sentants des entite\u0301s promouvant le MBA [&hellip;]\" \/>\n<meta property=\"og:url\" content=\"https:\/\/aceleramba.com\/fr\/le-seminaire-international-du-reseau-mba-actec-2023-se-tient-au-guatemala\/\" \/>\n<meta property=\"og:site_name\" content=\"MBA Acelera\" \/>\n<meta property=\"article:published_time\" content=\"2024-05-30T15:58:52+00:00\" \/>\n<meta property=\"article:modified_time\" content=\"2025-05-08T12:16:01+00:00\" \/>\n<meta name=\"author\" content=\"MBA-Calmo\" \/>\n<meta name=\"twitter:card\" content=\"summary_large_image\" \/>\n<meta name=\"twitter:label1\" content=\"\u00c9crit par\" \/>\n\t<meta name=\"twitter:data1\" content=\"MBA-Calmo\" \/>\n\t<meta name=\"twitter:label2\" content=\"Dur\u00e9e de lecture estim\u00e9e\" \/>\n\t<meta name=\"twitter:data2\" content=\"3 minutes\" \/>\n<script type=\"application\/ld+json\" class=\"yoast-schema-graph\">{\"@context\":\"https:\\\/\\\/schema.org\",\"@graph\":[{\"@type\":\"Article\",\"@id\":\"https:\\\/\\\/aceleramba.com\\\/fr\\\/le-seminaire-international-du-reseau-mba-actec-2023-se-tient-au-guatemala\\\/#article\",\"isPartOf\":{\"@id\":\"https:\\\/\\\/aceleramba.com\\\/fr\\\/le-seminaire-international-du-reseau-mba-actec-2023-se-tient-au-guatemala\\\/\"},\"author\":{\"name\":\"MBA-Calmo\",\"@id\":\"https:\\\/\\\/aceleramba.com\\\/fr\\\/#\\\/schema\\\/person\\\/ba68e0535553c0860c81b05303d7a558\"},\"headline\":\"Le se\u0301minaire international du re\u0301seau MBA ACTEC 2023 se tient au Guatemala\",\"datePublished\":\"2024-05-30T15:58:52+00:00\",\"dateModified\":\"2025-05-08T12:16:01+00:00\",\"mainEntityOfPage\":{\"@id\":\"https:\\\/\\\/aceleramba.com\\\/fr\\\/le-seminaire-international-du-reseau-mba-actec-2023-se-tient-au-guatemala\\\/\"},\"wordCount\":559,\"publisher\":{\"@id\":\"https:\\\/\\\/aceleramba.com\\\/fr\\\/#organization\"},\"image\":{\"@id\":\"https:\\\/\\\/aceleramba.com\\\/fr\\\/le-seminaire-international-du-reseau-mba-actec-2023-se-tient-au-guatemala\\\/#primaryimage\"},\"thumbnailUrl\":\"https:\\\/\\\/aceleramba.com\\\/wp-content\\\/uploads\\\/2024\\\/05\\\/actec-news-seminario-mba-cover-scaled-1.webp\",\"articleSection\":[\"Seminaires\",\"Seminarios\"],\"inLanguage\":\"fr-FR\"},{\"@type\":\"WebPage\",\"@id\":\"https:\\\/\\\/aceleramba.com\\\/fr\\\/le-seminaire-international-du-reseau-mba-actec-2023-se-tient-au-guatemala\\\/\",\"url\":\"https:\\\/\\\/aceleramba.com\\\/fr\\\/le-seminaire-international-du-reseau-mba-actec-2023-se-tient-au-guatemala\\\/\",\"name\":\"Le se\u0301minaire international du re\u0301seau MBA ACTEC 2023 se tient au Guatemala - MBA Acelera\",\"isPartOf\":{\"@id\":\"https:\\\/\\\/aceleramba.com\\\/fr\\\/#website\"},\"primaryImageOfPage\":{\"@id\":\"https:\\\/\\\/aceleramba.com\\\/fr\\\/le-seminaire-international-du-reseau-mba-actec-2023-se-tient-au-guatemala\\\/#primaryimage\"},\"image\":{\"@id\":\"https:\\\/\\\/aceleramba.com\\\/fr\\\/le-seminaire-international-du-reseau-mba-actec-2023-se-tient-au-guatemala\\\/#primaryimage\"},\"thumbnailUrl\":\"https:\\\/\\\/aceleramba.com\\\/wp-content\\\/uploads\\\/2024\\\/05\\\/actec-news-seminario-mba-cover-scaled-1.webp\",\"datePublished\":\"2024-05-30T15:58:52+00:00\",\"dateModified\":\"2025-05-08T12:16:01+00:00\",\"breadcrumb\":{\"@id\":\"https:\\\/\\\/aceleramba.com\\\/fr\\\/le-seminaire-international-du-reseau-mba-actec-2023-se-tient-au-guatemala\\\/#breadcrumb\"},\"inLanguage\":\"fr-FR\",\"potentialAction\":[{\"@type\":\"ReadAction\",\"target\":[\"https:\\\/\\\/aceleramba.com\\\/fr\\\/le-seminaire-international-du-reseau-mba-actec-2023-se-tient-au-guatemala\\\/\"]}]},{\"@type\":\"ImageObject\",\"inLanguage\":\"fr-FR\",\"@id\":\"https:\\\/\\\/aceleramba.com\\\/fr\\\/le-seminaire-international-du-reseau-mba-actec-2023-se-tient-au-guatemala\\\/#primaryimage\",\"url\":\"https:\\\/\\\/aceleramba.com\\\/wp-content\\\/uploads\\\/2024\\\/05\\\/actec-news-seminario-mba-cover-scaled-1.webp\",\"contentUrl\":\"https:\\\/\\\/aceleramba.com\\\/wp-content\\\/uploads\\\/2024\\\/05\\\/actec-news-seminario-mba-cover-scaled-1.webp\",\"width\":2560,\"height\":1441,\"caption\":\"Tras dos a\u00f1os salpicados de interrupciones en la formaci\u00f3n debido a la situaci\u00f3n pol\u00edtica y de seguridad, los alumnos de la Escuela de Hosteler\u00eda de Thorland est\u00e1n especialmente orgullosos de recibir su diploma.\"},{\"@type\":\"BreadcrumbList\",\"@id\":\"https:\\\/\\\/aceleramba.com\\\/fr\\\/le-seminaire-international-du-reseau-mba-actec-2023-se-tient-au-guatemala\\\/#breadcrumb\",\"itemListElement\":[{\"@type\":\"ListItem\",\"position\":1,\"name\":\"Portada\",\"item\":\"https:\\\/\\\/aceleramba.com\\\/fr\\\/\"},{\"@type\":\"ListItem\",\"position\":2,\"name\":\"Le se\u0301minaire international du re\u0301seau MBA ACTEC 2023 se tient au Guatemala\"}]},{\"@type\":\"WebSite\",\"@id\":\"https:\\\/\\\/aceleramba.com\\\/fr\\\/#website\",\"url\":\"https:\\\/\\\/aceleramba.com\\\/fr\\\/\",\"name\":\"MBA Acelera\",\"description\":\"\",\"publisher\":{\"@id\":\"https:\\\/\\\/aceleramba.com\\\/fr\\\/#organization\"},\"potentialAction\":[{\"@type\":\"SearchAction\",\"target\":{\"@type\":\"EntryPoint\",\"urlTemplate\":\"https:\\\/\\\/aceleramba.com\\\/fr\\\/?s={search_term_string}\"},\"query-input\":{\"@type\":\"PropertyValueSpecification\",\"valueRequired\":true,\"valueName\":\"search_term_string\"}}],\"inLanguage\":\"fr-FR\"},{\"@type\":\"Organization\",\"@id\":\"https:\\\/\\\/aceleramba.com\\\/fr\\\/#organization\",\"name\":\"MBA Acelera\",\"url\":\"https:\\\/\\\/aceleramba.com\\\/fr\\\/\",\"logo\":{\"@type\":\"ImageObject\",\"inLanguage\":\"fr-FR\",\"@id\":\"https:\\\/\\\/aceleramba.com\\\/fr\\\/#\\\/schema\\\/logo\\\/image\\\/\",\"url\":\"https:\\\/\\\/aceleramba.com\\\/wp-content\\\/uploads\\\/2025\\\/04\\\/MBA-Acelera-Logo.svg\",\"contentUrl\":\"https:\\\/\\\/aceleramba.com\\\/wp-content\\\/uploads\\\/2025\\\/04\\\/MBA-Acelera-Logo.svg\",\"width\":135,\"height\":46,\"caption\":\"MBA Acelera\"},\"image\":{\"@id\":\"https:\\\/\\\/aceleramba.com\\\/fr\\\/#\\\/schema\\\/logo\\\/image\\\/\"}},{\"@type\":\"Person\",\"@id\":\"https:\\\/\\\/aceleramba.com\\\/fr\\\/#\\\/schema\\\/person\\\/ba68e0535553c0860c81b05303d7a558\",\"name\":\"MBA-Calmo\",\"image\":{\"@type\":\"ImageObject\",\"inLanguage\":\"fr-FR\",\"@id\":\"https:\\\/\\\/secure.gravatar.com\\\/avatar\\\/64373769b4f5f863fa6c58046649b6a7dc25d69de1f7d1500b782658cb81aeaa?s=96&d=mm&r=g\",\"url\":\"https:\\\/\\\/secure.gravatar.com\\\/avatar\\\/64373769b4f5f863fa6c58046649b6a7dc25d69de1f7d1500b782658cb81aeaa?s=96&d=mm&r=g\",\"contentUrl\":\"https:\\\/\\\/secure.gravatar.com\\\/avatar\\\/64373769b4f5f863fa6c58046649b6a7dc25d69de1f7d1500b782658cb81aeaa?s=96&d=mm&r=g\",\"caption\":\"MBA-Calmo\"},\"sameAs\":[\"https:\\\/\\\/aceleramba.com\"],\"url\":\"https:\\\/\\\/aceleramba.com\\\/fr\\\/author\\\/mba-calmo\\\/\"}]}<\/script>\n<!-- \/ Yoast SEO plugin. -->","yoast_head_json":{"title":"Le se\u0301minaire international du re\u0301seau MBA ACTEC 2023 se tient au Guatemala - MBA Acelera","robots":{"index":"index","follow":"follow","max-snippet":"max-snippet:-1","max-image-preview":"max-image-preview:large","max-video-preview":"max-video-preview:-1"},"canonical":"https:\/\/aceleramba.com\/fr\/le-seminaire-international-du-reseau-mba-actec-2023-se-tient-au-guatemala\/","og_locale":"fr_FR","og_type":"article","og_title":"Le se\u0301minaire international du re\u0301seau MBA ACTEC 2023 se tient au Guatemala - MBA Acelera","og_description":"Au Guatemala, le S\u00e9minaire International du R\u00e9seau MBA ACTEC 2023 a r\u00e9uni des experts de divers pays pour \u00e9changer sur l&rsquo;am\u00e9lioration des \u00e9coles de commerce pour micro-entreprises, discuter des innovations en mati\u00e8re de leadership et d&rsquo;impact social, et renforcer le r\u00e9seau Alumni ACTEC. En novembre dernier, plus de 25 repre\u0301sentants des entite\u0301s promouvant le MBA [&hellip;]","og_url":"https:\/\/aceleramba.com\/fr\/le-seminaire-international-du-reseau-mba-actec-2023-se-tient-au-guatemala\/","og_site_name":"MBA Acelera","article_published_time":"2024-05-30T15:58:52+00:00","article_modified_time":"2025-05-08T12:16:01+00:00","author":"MBA-Calmo","twitter_card":"summary_large_image","twitter_misc":{"\u00c9crit par":"MBA-Calmo","Dur\u00e9e de lecture estim\u00e9e":"3 minutes"},"schema":{"@context":"https:\/\/schema.org","@graph":[{"@type":"Article","@id":"https:\/\/aceleramba.com\/fr\/le-seminaire-international-du-reseau-mba-actec-2023-se-tient-au-guatemala\/#article","isPartOf":{"@id":"https:\/\/aceleramba.com\/fr\/le-seminaire-international-du-reseau-mba-actec-2023-se-tient-au-guatemala\/"},"author":{"name":"MBA-Calmo","@id":"https:\/\/aceleramba.com\/fr\/#\/schema\/person\/ba68e0535553c0860c81b05303d7a558"},"headline":"Le se\u0301minaire international du re\u0301seau MBA ACTEC 2023 se tient au Guatemala","datePublished":"2024-05-30T15:58:52+00:00","dateModified":"2025-05-08T12:16:01+00:00","mainEntityOfPage":{"@id":"https:\/\/aceleramba.com\/fr\/le-seminaire-international-du-reseau-mba-actec-2023-se-tient-au-guatemala\/"},"wordCount":559,"publisher":{"@id":"https:\/\/aceleramba.com\/fr\/#organization"},"image":{"@id":"https:\/\/aceleramba.com\/fr\/le-seminaire-international-du-reseau-mba-actec-2023-se-tient-au-guatemala\/#primaryimage"},"thumbnailUrl":"https:\/\/aceleramba.com\/wp-content\/uploads\/2024\/05\/actec-news-seminario-mba-cover-scaled-1.webp","articleSection":["Seminaires","Seminarios"],"inLanguage":"fr-FR"},{"@type":"WebPage","@id":"https:\/\/aceleramba.com\/fr\/le-seminaire-international-du-reseau-mba-actec-2023-se-tient-au-guatemala\/","url":"https:\/\/aceleramba.com\/fr\/le-seminaire-international-du-reseau-mba-actec-2023-se-tient-au-guatemala\/","name":"Le se\u0301minaire international du re\u0301seau MBA ACTEC 2023 se tient au Guatemala - MBA Acelera","isPartOf":{"@id":"https:\/\/aceleramba.com\/fr\/#website"},"primaryImageOfPage":{"@id":"https:\/\/aceleramba.com\/fr\/le-seminaire-international-du-reseau-mba-actec-2023-se-tient-au-guatemala\/#primaryimage"},"image":{"@id":"https:\/\/aceleramba.com\/fr\/le-seminaire-international-du-reseau-mba-actec-2023-se-tient-au-guatemala\/#primaryimage"},"thumbnailUrl":"https:\/\/aceleramba.com\/wp-content\/uploads\/2024\/05\/actec-news-seminario-mba-cover-scaled-1.webp","datePublished":"2024-05-30T15:58:52+00:00","dateModified":"2025-05-08T12:16:01+00:00","breadcrumb":{"@id":"https:\/\/aceleramba.com\/fr\/le-seminaire-international-du-reseau-mba-actec-2023-se-tient-au-guatemala\/#breadcrumb"},"inLanguage":"fr-FR","potentialAction":[{"@type":"ReadAction","target":["https:\/\/aceleramba.com\/fr\/le-seminaire-international-du-reseau-mba-actec-2023-se-tient-au-guatemala\/"]}]},{"@type":"ImageObject","inLanguage":"fr-FR","@id":"https:\/\/aceleramba.com\/fr\/le-seminaire-international-du-reseau-mba-actec-2023-se-tient-au-guatemala\/#primaryimage","url":"https:\/\/aceleramba.com\/wp-content\/uploads\/2024\/05\/actec-news-seminario-mba-cover-scaled-1.webp","contentUrl":"https:\/\/aceleramba.com\/wp-content\/uploads\/2024\/05\/actec-news-seminario-mba-cover-scaled-1.webp","width":2560,"height":1441,"caption":"Tras dos a\u00f1os salpicados de interrupciones en la formaci\u00f3n debido a la situaci\u00f3n pol\u00edtica y de seguridad, los alumnos de la Escuela de Hosteler\u00eda de Thorland est\u00e1n especialmente orgullosos de recibir su diploma."},{"@type":"BreadcrumbList","@id":"https:\/\/aceleramba.com\/fr\/le-seminaire-international-du-reseau-mba-actec-2023-se-tient-au-guatemala\/#breadcrumb","itemListElement":[{"@type":"ListItem","position":1,"name":"Portada","item":"https:\/\/aceleramba.com\/fr\/"},{"@type":"ListItem","position":2,"name":"Le se\u0301minaire international du re\u0301seau MBA ACTEC 2023 se tient au Guatemala"}]},{"@type":"WebSite","@id":"https:\/\/aceleramba.com\/fr\/#website","url":"https:\/\/aceleramba.com\/fr\/","name":"MBA Acelera","description":"","publisher":{"@id":"https:\/\/aceleramba.com\/fr\/#organization"},"potentialAction":[{"@type":"SearchAction","target":{"@type":"EntryPoint","urlTemplate":"https:\/\/aceleramba.com\/fr\/?s={search_term_string}"},"query-input":{"@type":"PropertyValueSpecification","valueRequired":true,"valueName":"search_term_string"}}],"inLanguage":"fr-FR"},{"@type":"Organization","@id":"https:\/\/aceleramba.com\/fr\/#organization","name":"MBA Acelera","url":"https:\/\/aceleramba.com\/fr\/","logo":{"@type":"ImageObject","inLanguage":"fr-FR","@id":"https:\/\/aceleramba.com\/fr\/#\/schema\/logo\/image\/","url":"https:\/\/aceleramba.com\/wp-content\/uploads\/2025\/04\/MBA-Acelera-Logo.svg","contentUrl":"https:\/\/aceleramba.com\/wp-content\/uploads\/2025\/04\/MBA-Acelera-Logo.svg","width":135,"height":46,"caption":"MBA Acelera"},"image":{"@id":"https:\/\/aceleramba.com\/fr\/#\/schema\/logo\/image\/"}},{"@type":"Person","@id":"https:\/\/aceleramba.com\/fr\/#\/schema\/person\/ba68e0535553c0860c81b05303d7a558","name":"MBA-Calmo","image":{"@type":"ImageObject","inLanguage":"fr-FR","@id":"https:\/\/secure.gravatar.com\/avatar\/64373769b4f5f863fa6c58046649b6a7dc25d69de1f7d1500b782658cb81aeaa?s=96&d=mm&r=g","url":"https:\/\/secure.gravatar.com\/avatar\/64373769b4f5f863fa6c58046649b6a7dc25d69de1f7d1500b782658cb81aeaa?s=96&d=mm&r=g","contentUrl":"https:\/\/secure.gravatar.com\/avatar\/64373769b4f5f863fa6c58046649b6a7dc25d69de1f7d1500b782658cb81aeaa?s=96&d=mm&r=g","caption":"MBA-Calmo"},"sameAs":["https:\/\/aceleramba.com"],"url":"https:\/\/aceleramba.com\/fr\/author\/mba-calmo\/"}]}},"_links":{"self":[{"href":"https:\/\/aceleramba.com\/fr\/wp-json\/wp\/v2\/posts\/65234","targetHints":{"allow":["GET"]}}],"collection":[{"href":"https:\/\/aceleramba.com\/fr\/wp-json\/wp\/v2\/posts"}],"about":[{"href":"https:\/\/aceleramba.com\/fr\/wp-json\/wp\/v2\/types\/post"}],"author":[{"embeddable":true,"href":"https:\/\/aceleramba.com\/fr\/wp-json\/wp\/v2\/users\/1"}],"replies":[{"embeddable":true,"href":"https:\/\/aceleramba.com\/fr\/wp-json\/wp\/v2\/comments?post=65234"}],"version-history":[{"count":2,"href":"https:\/\/aceleramba.com\/fr\/wp-json\/wp\/v2\/posts\/65234\/revisions"}],"predecessor-version":[{"id":65261,"href":"https:\/\/aceleramba.com\/fr\/wp-json\/wp\/v2\/posts\/65234\/revisions\/65261"}],"wp:featuredmedia":[{"embeddable":true,"href":"https:\/\/aceleramba.com\/fr\/wp-json\/wp\/v2\/media\/65237"}],"wp:attachment":[{"href":"https:\/\/aceleramba.com\/fr\/wp-json\/wp\/v2\/media?parent=65234"}],"wp:term":[{"taxonomy":"category","embeddable":true,"href":"https:\/\/aceleramba.com\/fr\/wp-json\/wp\/v2\/categories?post=65234"},{"taxonomy":"post_tag","embeddable":true,"href":"https:\/\/aceleramba.com\/fr\/wp-json\/wp\/v2\/tags?post=65234"}],"curies":[{"name":"wp","href":"https:\/\/api.w.org\/{rel}","templated":true}]}}